{"id":7419,"date":"2024-08-29T01:48:04","date_gmt":"2024-08-29T04:48:04","guid":{"rendered":"https:\/\/aprimora.site\/carvalhoalmeidaadvogados\/2024\/08\/29\/stj-no-seu-dia-discute-a-jurisprudencia-do-tribunal-sobre-sequestro-internacional-de-criancas\/"},"modified":"2024-08-29T01:48:04","modified_gmt":"2024-08-29T04:48:04","slug":"stj-no-seu-dia-discute-a-jurisprudencia-do-tribunal-sobre-sequestro-internacional-de-criancas","status":"publish","type":"post","link":"https:\/\/aprimora.site\/carvalhoalmeidaadvogados\/2024\/08\/29\/stj-no-seu-dia-discute-a-jurisprudencia-do-tribunal-sobre-sequestro-internacional-de-criancas\/","title":{"rendered":"STJ No Seu Dia discute a jurisprud\u00eancia do tribunal sobre sequestro internacional de crian\u00e7as"},"content":{"rendered":"<p>STJ No Seu Dia discute a jurisprud\u00eancia do tribunal sobre sequestro internacional de crian\u00e7as<\/p>","protected":false},"excerpt":{"rendered":"<p>STJ No Seu Dia discute a jurisprud\u00eancia do tribunal sobre sequestro internacional de crian\u00e7as<\/p>\n","protected":false},"author":0,"featured_media":0,"comment_status":"open","ping_status":"open","sticky":false,"template":"","format":"standard","meta":[],"categories":[1],"tags":[],"_links":{"self":[{"href":"https:\/\/aprimora.site\/carvalhoalmeidaadvogados\/wp-json\/wp\/v2\/posts\/7419"}],"collection":[{"href":"https:\/\/aprimora.site\/carvalhoalmeidaadvogados\/wp-json\/wp\/v2\/posts"}],"about":[{"href":"https:\/\/aprimora.site\/carvalhoalmeidaadvogados\/wp-json\/wp\/v2\/types\/post"}],"replies":[{"embeddable":true,"href":"https:\/\/aprimora.site\/carvalhoalmeidaadvogados\/wp-json\/wp\/v2\/comments?post=7419"}],"version-history":[{"count":0,"href":"https:\/\/aprimora.site\/carvalhoalmeidaadvogados\/wp-json\/wp\/v2\/posts\/7419\/revisions"}],"wp:attachment":[{"href":"https:\/\/aprimora.site\/carvalhoalmeidaadvogados\/wp-json\/wp\/v2\/media?parent=7419"}],"wp:term":[{"taxonomy":"category","embeddable":true,"href":"https:\/\/aprimora.site\/carvalhoalmeidaadvogados\/wp-json\/wp\/v2\/categories?post=7419"},{"taxonomy":"post_tag","embeddable":true,"href":"https:\/\/aprimora.site\/carvalhoalmeidaadvogados\/wp-json\/wp\/v2\/tags?post=7419"}],"curies":[{"name":"wp","href":"https:\/\/api.w.org\/{rel}","templated":true}]}}