{"id":7412,"date":"2024-08-29T01:48:03","date_gmt":"2024-08-29T04:48:03","guid":{"rendered":"https:\/\/aprimora.site\/carvalhoalmeidaadvogados\/2024\/08\/29\/entendimentos-do-stj-sobre-o-reembolso-de-despesas-medicas-pelos-planos-de-saude\/"},"modified":"2024-08-29T01:48:03","modified_gmt":"2024-08-29T04:48:03","slug":"entendimentos-do-stj-sobre-o-reembolso-de-despesas-medicas-pelos-planos-de-saude","status":"publish","type":"post","link":"https:\/\/aprimora.site\/carvalhoalmeidaadvogados\/2024\/08\/29\/entendimentos-do-stj-sobre-o-reembolso-de-despesas-medicas-pelos-planos-de-saude\/","title":{"rendered":"Entendimentos do STJ sobre o reembolso de despesas m\u00e9dicas pelos planos de sa\u00fade"},"content":{"rendered":"<p>A expectativa de que a rede conveniada ser\u00e1 suficiente para as necessidades do benefici\u00e1rio nem sempre se confirma, e nessa situa\u00e7\u00e3o ele pode pedir o reembolso do que gastou com servi\u00e7os n\u00e3o credenciados.<\/p>","protected":false},"excerpt":{"rendered":"<p>A expectativa de que a rede conveniada ser\u00e1 suficiente para as necessidades do benefici\u00e1rio nem sempre se confirma, e nessa situa\u00e7\u00e3o ele pode pedir o reembolso do que gastou com servi\u00e7os n\u00e3o credenciados.<\/p>\n","protected":false},"author":0,"featured_media":0,"comment_status":"open","ping_status":"open","sticky":false,"template":"","format":"standard","meta":[],"categories":[1],"tags":[],"_links":{"self":[{"href":"https:\/\/aprimora.site\/carvalhoalmeidaadvogados\/wp-json\/wp\/v2\/posts\/7412"}],"collection":[{"href":"https:\/\/aprimora.site\/carvalhoalmeidaadvogados\/wp-json\/wp\/v2\/posts"}],"about":[{"href":"https:\/\/aprimora.site\/carvalhoalmeidaadvogados\/wp-json\/wp\/v2\/types\/post"}],"replies":[{"embeddable":true,"href":"https:\/\/aprimora.site\/carvalhoalmeidaadvogados\/wp-json\/wp\/v2\/comments?post=7412"}],"version-history":[{"count":0,"href":"https:\/\/aprimora.site\/carvalhoalmeidaadvogados\/wp-json\/wp\/v2\/posts\/7412\/revisions"}],"wp:attachment":[{"href":"https:\/\/aprimora.site\/carvalhoalmeidaadvogados\/wp-json\/wp\/v2\/media?parent=7412"}],"wp:term":[{"taxonomy":"category","embeddable":true,"href":"https:\/\/aprimora.site\/carvalhoalmeidaadvogados\/wp-json\/wp\/v2\/categories?post=7412"},{"taxonomy":"post_tag","embeddable":true,"href":"https:\/\/aprimora.site\/carvalhoalmeidaadvogados\/wp-json\/wp\/v2\/tags?post=7412"}],"curies":[{"name":"wp","href":"https:\/\/api.w.org\/{rel}","templated":true}]}}