{"id":7409,"date":"2024-08-29T01:48:03","date_gmt":"2024-08-29T04:48:03","guid":{"rendered":"https:\/\/aprimora.site\/carvalhoalmeidaadvogados\/2024\/08\/29\/segunda-turma-antecipa-sessao-ordinaria-de-22-de-outubro-para-o-dia-15-as-10h\/"},"modified":"2024-08-29T01:48:03","modified_gmt":"2024-08-29T04:48:03","slug":"segunda-turma-antecipa-sessao-ordinaria-de-22-de-outubro-para-o-dia-15-as-10h","status":"publish","type":"post","link":"https:\/\/aprimora.site\/carvalhoalmeidaadvogados\/2024\/08\/29\/segunda-turma-antecipa-sessao-ordinaria-de-22-de-outubro-para-o-dia-15-as-10h\/","title":{"rendered":"Segunda Turma antecipa sess\u00e3o ordin\u00e1ria de 22 de outubro para o dia 15, \u00e0s 10h"},"content":{"rendered":"<p>Segunda Turma antecipa sess\u00e3o ordin\u00e1ria de 22 de outubro para o dia 15, \u00e0s 10h<\/p>","protected":false},"excerpt":{"rendered":"<p>Segunda Turma antecipa sess\u00e3o ordin\u00e1ria de 22 de outubro para o dia 15, \u00e0s 10h<\/p>\n","protected":false},"author":0,"featured_media":0,"comment_status":"open","ping_status":"open","sticky":false,"template":"","format":"standard","meta":[],"categories":[1],"tags":[],"_links":{"self":[{"href":"https:\/\/aprimora.site\/carvalhoalmeidaadvogados\/wp-json\/wp\/v2\/posts\/7409"}],"collection":[{"href":"https:\/\/aprimora.site\/carvalhoalmeidaadvogados\/wp-json\/wp\/v2\/posts"}],"about":[{"href":"https:\/\/aprimora.site\/carvalhoalmeidaadvogados\/wp-json\/wp\/v2\/types\/post"}],"replies":[{"embeddable":true,"href":"https:\/\/aprimora.site\/carvalhoalmeidaadvogados\/wp-json\/wp\/v2\/comments?post=7409"}],"version-history":[{"count":0,"href":"https:\/\/aprimora.site\/carvalhoalmeidaadvogados\/wp-json\/wp\/v2\/posts\/7409\/revisions"}],"wp:attachment":[{"href":"https:\/\/aprimora.site\/carvalhoalmeidaadvogados\/wp-json\/wp\/v2\/media?parent=7409"}],"wp:term":[{"taxonomy":"category","embeddable":true,"href":"https:\/\/aprimora.site\/carvalhoalmeidaadvogados\/wp-json\/wp\/v2\/categories?post=7409"},{"taxonomy":"post_tag","embeddable":true,"href":"https:\/\/aprimora.site\/carvalhoalmeidaadvogados\/wp-json\/wp\/v2\/tags?post=7409"}],"curies":[{"name":"wp","href":"https:\/\/api.w.org\/{rel}","templated":true}]}}