{"id":7377,"date":"2024-08-21T20:16:05","date_gmt":"2024-08-21T23:16:05","guid":{"rendered":"https:\/\/aprimora.site\/carvalhoalmeidaadvogados\/2024\/08\/21\/apelacao-para-revogar-gratuidade-de-justica-autoriza-interposicao-de-recurso-adesivo\/"},"modified":"2024-08-21T20:16:05","modified_gmt":"2024-08-21T23:16:05","slug":"apelacao-para-revogar-gratuidade-de-justica-autoriza-interposicao-de-recurso-adesivo","status":"publish","type":"post","link":"https:\/\/aprimora.site\/carvalhoalmeidaadvogados\/2024\/08\/21\/apelacao-para-revogar-gratuidade-de-justica-autoriza-interposicao-de-recurso-adesivo\/","title":{"rendered":"Apela\u00e7\u00e3o para revogar gratuidade de justi\u00e7a autoriza interposi\u00e7\u00e3o de recurso adesivo"},"content":{"rendered":"<p>Apela\u00e7\u00e3o para revogar gratuidade de justi\u00e7a autoriza interposi\u00e7\u00e3o de recurso adesivo<\/p>","protected":false},"excerpt":{"rendered":"<p>Apela\u00e7\u00e3o para revogar gratuidade de justi\u00e7a autoriza interposi\u00e7\u00e3o de recurso adesivo<\/p>\n","protected":false},"author":0,"featured_media":0,"comment_status":"open","ping_status":"open","sticky":false,"template":"","format":"standard","meta":[],"categories":[1],"tags":[],"_links":{"self":[{"href":"https:\/\/aprimora.site\/carvalhoalmeidaadvogados\/wp-json\/wp\/v2\/posts\/7377"}],"collection":[{"href":"https:\/\/aprimora.site\/carvalhoalmeidaadvogados\/wp-json\/wp\/v2\/posts"}],"about":[{"href":"https:\/\/aprimora.site\/carvalhoalmeidaadvogados\/wp-json\/wp\/v2\/types\/post"}],"replies":[{"embeddable":true,"href":"https:\/\/aprimora.site\/carvalhoalmeidaadvogados\/wp-json\/wp\/v2\/comments?post=7377"}],"version-history":[{"count":0,"href":"https:\/\/aprimora.site\/carvalhoalmeidaadvogados\/wp-json\/wp\/v2\/posts\/7377\/revisions"}],"wp:attachment":[{"href":"https:\/\/aprimora.site\/carvalhoalmeidaadvogados\/wp-json\/wp\/v2\/media?parent=7377"}],"wp:term":[{"taxonomy":"category","embeddable":true,"href":"https:\/\/aprimora.site\/carvalhoalmeidaadvogados\/wp-json\/wp\/v2\/categories?post=7377"},{"taxonomy":"post_tag","embeddable":true,"href":"https:\/\/aprimora.site\/carvalhoalmeidaadvogados\/wp-json\/wp\/v2\/tags?post=7377"}],"curies":[{"name":"wp","href":"https:\/\/api.w.org\/{rel}","templated":true}]}}