{"id":7364,"date":"2024-08-21T20:16:04","date_gmt":"2024-08-21T23:16:04","guid":{"rendered":"https:\/\/aprimora.site\/carvalhoalmeidaadvogados\/2024\/08\/21\/stj-publica-edital-de-concurso-para-formacao-de-cadastro-de-reserva\/"},"modified":"2024-08-21T20:16:04","modified_gmt":"2024-08-21T23:16:04","slug":"stj-publica-edital-de-concurso-para-formacao-de-cadastro-de-reserva","status":"publish","type":"post","link":"https:\/\/aprimora.site\/carvalhoalmeidaadvogados\/2024\/08\/21\/stj-publica-edital-de-concurso-para-formacao-de-cadastro-de-reserva\/","title":{"rendered":"STJ publica edital de concurso para forma\u00e7\u00e3o de cadastro de reserva"},"content":{"rendered":"<p>Candidatos poder\u00e3o se inscrever<br \/>\nde 30 de agosto a 20 de setembro<\/p>","protected":false},"excerpt":{"rendered":"<p>Candidatos poder\u00e3o se inscrever de 30 de agosto a 20 de setembro<\/p>\n","protected":false},"author":0,"featured_media":0,"comment_status":"open","ping_status":"open","sticky":false,"template":"","format":"standard","meta":[],"categories":[1],"tags":[],"_links":{"self":[{"href":"https:\/\/aprimora.site\/carvalhoalmeidaadvogados\/wp-json\/wp\/v2\/posts\/7364"}],"collection":[{"href":"https:\/\/aprimora.site\/carvalhoalmeidaadvogados\/wp-json\/wp\/v2\/posts"}],"about":[{"href":"https:\/\/aprimora.site\/carvalhoalmeidaadvogados\/wp-json\/wp\/v2\/types\/post"}],"replies":[{"embeddable":true,"href":"https:\/\/aprimora.site\/carvalhoalmeidaadvogados\/wp-json\/wp\/v2\/comments?post=7364"}],"version-history":[{"count":0,"href":"https:\/\/aprimora.site\/carvalhoalmeidaadvogados\/wp-json\/wp\/v2\/posts\/7364\/revisions"}],"wp:attachment":[{"href":"https:\/\/aprimora.site\/carvalhoalmeidaadvogados\/wp-json\/wp\/v2\/media?parent=7364"}],"wp:term":[{"taxonomy":"category","embeddable":true,"href":"https:\/\/aprimora.site\/carvalhoalmeidaadvogados\/wp-json\/wp\/v2\/categories?post=7364"},{"taxonomy":"post_tag","embeddable":true,"href":"https:\/\/aprimora.site\/carvalhoalmeidaadvogados\/wp-json\/wp\/v2\/tags?post=7364"}],"curies":[{"name":"wp","href":"https:\/\/api.w.org\/{rel}","templated":true}]}}