{"id":7325,"date":"2024-08-14T14:15:06","date_gmt":"2024-08-14T17:15:06","guid":{"rendered":"https:\/\/aprimora.site\/carvalhoalmeidaadvogados\/2024\/08\/14\/pesquisa-pronta-destaca-equiparacao-de-funcionarios-da-oab-a-servidores-publicos-para-fins-penais\/"},"modified":"2024-08-14T14:15:06","modified_gmt":"2024-08-14T17:15:06","slug":"pesquisa-pronta-destaca-equiparacao-de-funcionarios-da-oab-a-servidores-publicos-para-fins-penais","status":"publish","type":"post","link":"https:\/\/aprimora.site\/carvalhoalmeidaadvogados\/2024\/08\/14\/pesquisa-pronta-destaca-equiparacao-de-funcionarios-da-oab-a-servidores-publicos-para-fins-penais\/","title":{"rendered":"Pesquisa Pronta destaca equipara\u00e7\u00e3o de funcion\u00e1rios da OAB a servidores p\u00fablicos para fins penais"},"content":{"rendered":"<p>Pesquisa Pronta destaca equipara\u00e7\u00e3o de funcion\u00e1rios da OAB a servidores p\u00fablicos para fins penais<\/p>","protected":false},"excerpt":{"rendered":"<p>Pesquisa Pronta destaca equipara\u00e7\u00e3o de funcion\u00e1rios da OAB a servidores p\u00fablicos para fins penais<\/p>\n","protected":false},"author":0,"featured_media":0,"comment_status":"open","ping_status":"open","sticky":false,"template":"","format":"standard","meta":[],"categories":[1],"tags":[],"_links":{"self":[{"href":"https:\/\/aprimora.site\/carvalhoalmeidaadvogados\/wp-json\/wp\/v2\/posts\/7325"}],"collection":[{"href":"https:\/\/aprimora.site\/carvalhoalmeidaadvogados\/wp-json\/wp\/v2\/posts"}],"about":[{"href":"https:\/\/aprimora.site\/carvalhoalmeidaadvogados\/wp-json\/wp\/v2\/types\/post"}],"replies":[{"embeddable":true,"href":"https:\/\/aprimora.site\/carvalhoalmeidaadvogados\/wp-json\/wp\/v2\/comments?post=7325"}],"version-history":[{"count":0,"href":"https:\/\/aprimora.site\/carvalhoalmeidaadvogados\/wp-json\/wp\/v2\/posts\/7325\/revisions"}],"wp:attachment":[{"href":"https:\/\/aprimora.site\/carvalhoalmeidaadvogados\/wp-json\/wp\/v2\/media?parent=7325"}],"wp:term":[{"taxonomy":"category","embeddable":true,"href":"https:\/\/aprimora.site\/carvalhoalmeidaadvogados\/wp-json\/wp\/v2\/categories?post=7325"},{"taxonomy":"post_tag","embeddable":true,"href":"https:\/\/aprimora.site\/carvalhoalmeidaadvogados\/wp-json\/wp\/v2\/tags?post=7325"}],"curies":[{"name":"wp","href":"https:\/\/api.w.org\/{rel}","templated":true}]}}