{"id":7295,"date":"2024-08-14T14:15:05","date_gmt":"2024-08-14T17:15:05","guid":{"rendered":"https:\/\/aprimora.site\/carvalhoalmeidaadvogados\/2024\/08\/14\/stf-ao-vivo-sigilo-em-investigacao-de-acidentes-aereos-sessao-de-14-8-2024\/"},"modified":"2024-08-14T14:15:05","modified_gmt":"2024-08-14T17:15:05","slug":"stf-ao-vivo-sigilo-em-investigacao-de-acidentes-aereos-sessao-de-14-8-2024","status":"publish","type":"post","link":"https:\/\/aprimora.site\/carvalhoalmeidaadvogados\/2024\/08\/14\/stf-ao-vivo-sigilo-em-investigacao-de-acidentes-aereos-sessao-de-14-8-2024\/","title":{"rendered":"STF AO VIVO \u2013 sigilo em investiga\u00e7\u00e3o de acidentes a\u00e9reos \u2013 sess\u00e3o de 14\/8\/2024"},"content":{"rendered":"<p>O Supremo Tribunal Federal (<a href=\"https:\/\/www.jota.info\/tudo-sobre\/stf\">STF<\/a>) retoma nesta quarta-feira (14\/8) o julgamento da <a href=\"https:\/\/portal.stf.jus.br\/processos\/detalhe.asp?incidente=5140772\">ADI 5.667<\/a>, na qual a Procuradoria-Geral da Rep\u00fablica (<a href=\"https:\/\/www.jota.info\/tudo-sobre\/pgr\">PGR<\/a>) questiona dispositivos do C\u00f3digo Brasileiro de Aeron\u00e1utica (CBA) sobre o acesso e o uso de informa\u00e7\u00f5es sobre investiga\u00e7\u00f5es de acidentes a\u00e9reos. Acompanhe a sess\u00e3o do STF ao vivo.<\/p>\n<p>A PGR questiona a reda\u00e7\u00e3o dada pela <a href=\"https:\/\/www.planalto.gov.br\/ccivil_03\/_ato2011-2014\/2014\/lei\/l12970.htm#:~:text=LEI%20N%C2%BA%2012.970%2C%20DE%208%20DE%20MAIO%20DE%202014.&amp;text=89%2C%2091%20e%2092%20da,aeronave%3B%20e%20d%C3%A1%20outras%20provid%C3%AAncias%20.\">Lei 12.970\/2014<\/a> ao CBA, referente aos procedimentos de apura\u00e7\u00e3o do Sistema de Investiga\u00e7\u00e3o e Preven\u00e7\u00e3o de Acidentes Aeron\u00e1uticos (Sipaer) e o sigilo das investiga\u00e7\u00f5es envolvendo acidentes a\u00e9reos. A Procuradoria-Geral da Rep\u00fablica argumenta que a exig\u00eancia de autoriza\u00e7\u00e3o judicial para acessar as informa\u00e7\u00f5es inviabiliza o trabalho do Minist\u00e9rio P\u00fablico e da Pol\u00edcia Criminal.<\/p>\n<h3><a href=\"https:\/\/conteudo.jota.info\/marketing-lp-newsletter-ultimas-noticias\">Assine gratuitamente a newsletter \u00daltimas Not\u00edcias do\u00a0<span class=\"jota\"><span class=\"jota\">JOTA<\/span><\/span>\u00a0e receba as principais not\u00edcias jur\u00eddicas e pol\u00edticas diariamente no seu email<\/a><\/h3>\n<p>A a\u00e7\u00e3o foi pautada diversas vezes anteriormente, mas n\u00e3o chegou a ser julgada. Ap\u00f3s o acidente a\u00e9reo ocorrido em Vinhedo (SP) na \u00faltima sexta-feira (9\/8), o presidente do STF, <a href=\"https:\/\/www.jota.info\/autor\/luis-roberto-barroso\">Lu\u00eds Roberto Barroso<\/a>, decidir incluir o caso como o primeiro item da pauta desta quarta-feira, com a concord\u00e2ncia do relator, ministro <a href=\"https:\/\/www.jota.info\/tudo-sobre\/nunes-marques\">Nunes Marques<\/a>.<\/p>\n<p>Na sequ\u00eancia, o STF pode retomar o julgamento da <a href=\"https:\/\/portal.stf.jus.br\/processos\/detalhe.asp?incidente=6691195\">ADI 7.416<\/a>, em que a Associa\u00e7\u00e3o Brasileira de Provedores de Internet questiona uma lei de Mato Grosso do Sul que obriga as prestadoras de servi\u00e7os de internet a apresentarem informa\u00e7\u00f5es sobre velocidade da internet e volume de dados na fatura.<\/p>\n<p>Na <a href=\"https:\/\/portal.stf.jus.br\/processos\/detalhe.asp?incidente=4727820\">ADI 5.254<\/a>, a PGR questiona leis do Par\u00e1 que d\u00e3o autonomia administrativa e financeira ao Minist\u00e9rio P\u00fablico de Contas e ao Minist\u00e9rio P\u00fablico de Contas dos Munic\u00edpios do estado.<\/p>\n<p>Tamb\u00e9m consta na pauta a <a href=\"https:\/\/portal.stf.jus.br\/processos\/detalhe.asp?incidente=6727980\">ADI 7.442<\/a>, na qual a PGR questiona parte de um dispositivo introduzido na Lei de Fal\u00eancias e Recupera\u00e7\u00e3o Judicial (Lei 11.101\/2005) que inclui as cooperativas m\u00e9dicas, operadoras de planos de assist\u00eancia \u00e0 sa\u00fade, ao regime de recupera\u00e7\u00e3o judicial.<\/p>\n<p>No <a href=\"https:\/\/portal.stf.jus.br\/processos\/detalhe.asp?incidente=3959903\">RE 630.852<\/a>, a Corte pode discutir a aplica\u00e7\u00e3o do Estatuto do Idoso a planos de sa\u00fade contratados antes de sua vig\u00eancia. A Unimed contesta ac\u00f3rd\u00e3o do Tribunal de Justi\u00e7a do Rio Grande do Sul (TJRS) que considerou abusivo o aumento da contribui\u00e7\u00e3o de plano de sa\u00fade em raz\u00e3o da idade, especialmente em se tratando de um consumidor duplamente vulner\u00e1vel, que necessita de uma tutela diferenciada e refor\u00e7ada.<\/p>\n<p>O Plen\u00e1rio tamb\u00e9m pode retomar o julgamento da <a href=\"https:\/\/portal.stf.jus.br\/processos\/detalhe.asp?incidente=6823597\">ADI 7.580<\/a>, na qual o PCdoB questiona trechos da Lei Pel\u00e9 e da Lei Geral do Esporte sobre a possibilidade de interven\u00e7\u00e3o do Judici\u00e1rio em entidades esportivas. A sigla tamb\u00e9m pede que seja reconhecida a legitimidade do Minist\u00e9rio P\u00fablico para firmar Termos de Ajustamento de Condutas (TACs) com as entidades.<\/p>\n<p>Por fim, est\u00e1 na pauta o julgamento da <a href=\"https:\/\/portal.stf.jus.br\/processos\/detalhe.asp?incidente=5738022\">ADI 6.200<\/a>, na qual a Associa\u00e7\u00e3o Nacional dos Procuradores do Trabalho (<a href=\"https:\/\/www.jota.info\/tudo-sobre\/anpt\">ANPT<\/a>) questiona lei de Goi\u00e1s que permite a continuidade da extra\u00e7\u00e3o e o beneficiamento do amianto crisotila no estado. A ANPT argumenta que o STF j\u00e1 reconheceu a inconstitucionalidade de dispositivo que permitia a explora\u00e7\u00e3o do amianto no pa\u00eds.<\/p>\n<h3><strong>Assista \u00e0 sess\u00e3o de julgamento do STF ao vivo<\/strong><\/h3>\n<div class=\"jota-article__embed\"><\/div>","protected":false},"excerpt":{"rendered":"<p>O Supremo Tribunal Federal (STF) retoma nesta quarta-feira (14\/8) o julgamento da ADI 5.667, na qual a Procuradoria-Geral da Rep\u00fablica (PGR) questiona dispositivos do C\u00f3digo Brasileiro de Aeron\u00e1utica (CBA) sobre o acesso e o uso de informa\u00e7\u00f5es sobre investiga\u00e7\u00f5es de acidentes a\u00e9reos. Acompanhe a sess\u00e3o do STF ao vivo. A PGR questiona a reda\u00e7\u00e3o dada [&hellip;]<\/p>\n","protected":false},"author":0,"featured_media":0,"comment_status":"open","ping_status":"open","sticky":false,"template":"","format":"standard","meta":[],"categories":[1],"tags":[],"_links":{"self":[{"href":"https:\/\/aprimora.site\/carvalhoalmeidaadvogados\/wp-json\/wp\/v2\/posts\/7295"}],"collection":[{"href":"https:\/\/aprimora.site\/carvalhoalmeidaadvogados\/wp-json\/wp\/v2\/posts"}],"about":[{"href":"https:\/\/aprimora.site\/carvalhoalmeidaadvogados\/wp-json\/wp\/v2\/types\/post"}],"replies":[{"embeddable":true,"href":"https:\/\/aprimora.site\/carvalhoalmeidaadvogados\/wp-json\/wp\/v2\/comments?post=7295"}],"version-history":[{"count":0,"href":"https:\/\/aprimora.site\/carvalhoalmeidaadvogados\/wp-json\/wp\/v2\/posts\/7295\/revisions"}],"wp:attachment":[{"href":"https:\/\/aprimora.site\/carvalhoalmeidaadvogados\/wp-json\/wp\/v2\/media?parent=7295"}],"wp:term":[{"taxonomy":"category","embeddable":true,"href":"https:\/\/aprimora.site\/carvalhoalmeidaadvogados\/wp-json\/wp\/v2\/categories?post=7295"},{"taxonomy":"post_tag","embeddable":true,"href":"https:\/\/aprimora.site\/carvalhoalmeidaadvogados\/wp-json\/wp\/v2\/tags?post=7295"}],"curies":[{"name":"wp","href":"https:\/\/api.w.org\/{rel}","templated":true}]}}