{"id":7192,"date":"2024-07-26T17:18:15","date_gmt":"2024-07-26T20:18:15","guid":{"rendered":"https:\/\/aprimora.site\/carvalhoalmeidaadvogados\/2024\/07\/26\/mantida-dissolucao-compulsoria-de-empresa-por-envolvimento-em-sonegacao-de-mais-de-r-527-milhoes\/"},"modified":"2024-07-26T17:18:15","modified_gmt":"2024-07-26T20:18:15","slug":"mantida-dissolucao-compulsoria-de-empresa-por-envolvimento-em-sonegacao-de-mais-de-r-527-milhoes","status":"publish","type":"post","link":"https:\/\/aprimora.site\/carvalhoalmeidaadvogados\/2024\/07\/26\/mantida-dissolucao-compulsoria-de-empresa-por-envolvimento-em-sonegacao-de-mais-de-r-527-milhoes\/","title":{"rendered":"Mantida dissolu\u00e7\u00e3o compuls\u00f3ria de empresa por envolvimento em sonega\u00e7\u00e3o de mais de R$ 527 milh\u00f5es"},"content":{"rendered":"<p>Mantida dissolu\u00e7\u00e3o compuls\u00f3ria de empresa por envolvimento em sonega\u00e7\u00e3o de mais de R$ 527 milh\u00f5es<\/p>","protected":false},"excerpt":{"rendered":"<p>Mantida dissolu\u00e7\u00e3o compuls\u00f3ria de empresa por envolvimento em sonega\u00e7\u00e3o de mais de R$ 527 milh\u00f5es<\/p>\n","protected":false},"author":0,"featured_media":0,"comment_status":"open","ping_status":"open","sticky":false,"template":"","format":"standard","meta":[],"categories":[1],"tags":[],"_links":{"self":[{"href":"https:\/\/aprimora.site\/carvalhoalmeidaadvogados\/wp-json\/wp\/v2\/posts\/7192"}],"collection":[{"href":"https:\/\/aprimora.site\/carvalhoalmeidaadvogados\/wp-json\/wp\/v2\/posts"}],"about":[{"href":"https:\/\/aprimora.site\/carvalhoalmeidaadvogados\/wp-json\/wp\/v2\/types\/post"}],"replies":[{"embeddable":true,"href":"https:\/\/aprimora.site\/carvalhoalmeidaadvogados\/wp-json\/wp\/v2\/comments?post=7192"}],"version-history":[{"count":0,"href":"https:\/\/aprimora.site\/carvalhoalmeidaadvogados\/wp-json\/wp\/v2\/posts\/7192\/revisions"}],"wp:attachment":[{"href":"https:\/\/aprimora.site\/carvalhoalmeidaadvogados\/wp-json\/wp\/v2\/media?parent=7192"}],"wp:term":[{"taxonomy":"category","embeddable":true,"href":"https:\/\/aprimora.site\/carvalhoalmeidaadvogados\/wp-json\/wp\/v2\/categories?post=7192"},{"taxonomy":"post_tag","embeddable":true,"href":"https:\/\/aprimora.site\/carvalhoalmeidaadvogados\/wp-json\/wp\/v2\/tags?post=7192"}],"curies":[{"name":"wp","href":"https:\/\/api.w.org\/{rel}","templated":true}]}}