{"id":7139,"date":"2024-07-25T03:45:07","date_gmt":"2024-07-25T06:45:07","guid":{"rendered":"https:\/\/aprimora.site\/carvalhoalmeidaadvogados\/2024\/07\/25\/pagina-de-repetitivos-e-iacs-anotados-inclui-julgados-sobre-o-calculo-da-tarifa-em-condominio-com-hidrometro-unico\/"},"modified":"2024-07-25T03:45:07","modified_gmt":"2024-07-25T06:45:07","slug":"pagina-de-repetitivos-e-iacs-anotados-inclui-julgados-sobre-o-calculo-da-tarifa-em-condominio-com-hidrometro-unico","status":"publish","type":"post","link":"https:\/\/aprimora.site\/carvalhoalmeidaadvogados\/2024\/07\/25\/pagina-de-repetitivos-e-iacs-anotados-inclui-julgados-sobre-o-calculo-da-tarifa-em-condominio-com-hidrometro-unico\/","title":{"rendered":"P\u00e1gina de Repetitivos e IACs Anotados inclui julgados sobre o c\u00e1lculo da tarifa em condom\u00ednio com hidr\u00f4metro \u00fanico"},"content":{"rendered":"<p>P\u00e1gina de Repetitivos e IACs Anotados inclui julgados sobre o c\u00e1lculo da tarifa em condom\u00ednio com hidr\u00f4metro \u00fanico<\/p>","protected":false},"excerpt":{"rendered":"<p>P\u00e1gina de Repetitivos e IACs Anotados inclui julgados sobre o c\u00e1lculo da tarifa em condom\u00ednio com hidr\u00f4metro \u00fanico<\/p>\n","protected":false},"author":0,"featured_media":0,"comment_status":"open","ping_status":"open","sticky":false,"template":"","format":"standard","meta":[],"categories":[1],"tags":[],"_links":{"self":[{"href":"https:\/\/aprimora.site\/carvalhoalmeidaadvogados\/wp-json\/wp\/v2\/posts\/7139"}],"collection":[{"href":"https:\/\/aprimora.site\/carvalhoalmeidaadvogados\/wp-json\/wp\/v2\/posts"}],"about":[{"href":"https:\/\/aprimora.site\/carvalhoalmeidaadvogados\/wp-json\/wp\/v2\/types\/post"}],"replies":[{"embeddable":true,"href":"https:\/\/aprimora.site\/carvalhoalmeidaadvogados\/wp-json\/wp\/v2\/comments?post=7139"}],"version-history":[{"count":0,"href":"https:\/\/aprimora.site\/carvalhoalmeidaadvogados\/wp-json\/wp\/v2\/posts\/7139\/revisions"}],"wp:attachment":[{"href":"https:\/\/aprimora.site\/carvalhoalmeidaadvogados\/wp-json\/wp\/v2\/media?parent=7139"}],"wp:term":[{"taxonomy":"category","embeddable":true,"href":"https:\/\/aprimora.site\/carvalhoalmeidaadvogados\/wp-json\/wp\/v2\/categories?post=7139"},{"taxonomy":"post_tag","embeddable":true,"href":"https:\/\/aprimora.site\/carvalhoalmeidaadvogados\/wp-json\/wp\/v2\/tags?post=7139"}],"curies":[{"name":"wp","href":"https:\/\/api.w.org\/{rel}","templated":true}]}}