{"id":7099,"date":"2024-07-17T22:03:17","date_gmt":"2024-07-18T01:03:17","guid":{"rendered":"https:\/\/aprimora.site\/carvalhoalmeidaadvogados\/2024\/07\/17\/senado-aprova-projeto-que-isenta-ipi-de-moveis-e-eletrodomesticos-para-familias-do-rs\/"},"modified":"2024-07-17T22:03:17","modified_gmt":"2024-07-18T01:03:17","slug":"senado-aprova-projeto-que-isenta-ipi-de-moveis-e-eletrodomesticos-para-familias-do-rs","status":"publish","type":"post","link":"https:\/\/aprimora.site\/carvalhoalmeidaadvogados\/2024\/07\/17\/senado-aprova-projeto-que-isenta-ipi-de-moveis-e-eletrodomesticos-para-familias-do-rs\/","title":{"rendered":"Senado aprova projeto que isenta IPI de m\u00f3veis e eletrodom\u00e9sticos para fam\u00edlias do RS"},"content":{"rendered":"<p>O Senado aprovou, nesta quarta-feira (17\/7), o PL 4.731\/2023, de autoria da deputada Maria do Ros\u00e1rio (PT-RS), que isenta do Imposto sobre Produtos Industrializados (<a href=\"https:\/\/www.jota.info\/tudo-sobre\/ipi\">IPI<\/a>) m\u00f3veis e eletrodom\u00e9sticos da linha branca destinados aos residentes em \u00e1reas atingidas por desastres naturais ou eventos clim\u00e1ticos extremos. O texto, que benef\u00edcia os afetados pela trag\u00e9dia do <a href=\"https:\/\/www.jota.info\/tudo-sobre\/rio-grande-do-sul\">Rio Grande do Sul<\/a>, segue para san\u00e7\u00e3o presidencial.<\/p>\n<h3><a href=\"https:\/\/conteudo.jota.info\/marketing-lp-newsletter-ultimas-noticias\">Assine gratuitamente a newsletter \u00daltimas Not\u00edcias do <span class=\"jota\">JOTA<\/span> e receba as principais not\u00edcias jur\u00eddicas e pol\u00edticas diariamente no seu email<\/a><\/h3>\n<p>Relator do texto, o senador Paulo Paim (PT-RS) deu parecer favor\u00e1vel ao projeto aprovado na C\u00e2mara. No Plen\u00e1rio do Senado, foi feito um acordo para que o governo vete um dispositivo do texto de modo garantir que o alcance do beneficio fique restrito aos locais afetados pelos desastres no estado ga\u00facho.<\/p>\n<p>De acordo com o projeto, para obter a isen\u00e7\u00e3o do IPI, a pessoa f\u00edsica dever\u00e1 comprovar que residia na localidade atingida e que teve sua resid\u00eancia diretamente atingida. Al\u00e9m disso, o benef\u00edcio poder\u00e1 ser usado pelas uma vez por um membro de cada uma das fam\u00edlias atingidas, para cada um dos produtos, salvo se houver novo desastre na mesma localidade<\/p>\n<div class=\"ShowAudio-IntroText\">\n<p>Os produtos que poder\u00e3o ser adquiridos com isen\u00e7\u00e3o de IPI s\u00e3o fog\u00f5es de cozinha, refrigeradores, m\u00e1quinas de lavar roupa, tanquinhos, cadeiras e sof\u00e1s, al\u00e9m de mesas e arm\u00e1rios. De acordo com Paulo Paim, a al\u00edquota do imposto que incide sobre as m\u00e1quinas de lavar roupas, por exemplo, \u00e9 de 13%<\/p>\n<\/div>","protected":false},"excerpt":{"rendered":"<p>O Senado aprovou, nesta quarta-feira (17\/7), o PL 4.731\/2023, de autoria da deputada Maria do Ros\u00e1rio (PT-RS), que isenta do Imposto sobre Produtos Industrializados (IPI) m\u00f3veis e eletrodom\u00e9sticos da linha branca destinados aos residentes em \u00e1reas atingidas por desastres naturais ou eventos clim\u00e1ticos extremos. O texto, que benef\u00edcia os afetados pela trag\u00e9dia do Rio Grande [&hellip;]<\/p>\n","protected":false},"author":0,"featured_media":0,"comment_status":"open","ping_status":"open","sticky":false,"template":"","format":"standard","meta":[],"categories":[1],"tags":[],"_links":{"self":[{"href":"https:\/\/aprimora.site\/carvalhoalmeidaadvogados\/wp-json\/wp\/v2\/posts\/7099"}],"collection":[{"href":"https:\/\/aprimora.site\/carvalhoalmeidaadvogados\/wp-json\/wp\/v2\/posts"}],"about":[{"href":"https:\/\/aprimora.site\/carvalhoalmeidaadvogados\/wp-json\/wp\/v2\/types\/post"}],"replies":[{"embeddable":true,"href":"https:\/\/aprimora.site\/carvalhoalmeidaadvogados\/wp-json\/wp\/v2\/comments?post=7099"}],"version-history":[{"count":0,"href":"https:\/\/aprimora.site\/carvalhoalmeidaadvogados\/wp-json\/wp\/v2\/posts\/7099\/revisions"}],"wp:attachment":[{"href":"https:\/\/aprimora.site\/carvalhoalmeidaadvogados\/wp-json\/wp\/v2\/media?parent=7099"}],"wp:term":[{"taxonomy":"category","embeddable":true,"href":"https:\/\/aprimora.site\/carvalhoalmeidaadvogados\/wp-json\/wp\/v2\/categories?post=7099"},{"taxonomy":"post_tag","embeddable":true,"href":"https:\/\/aprimora.site\/carvalhoalmeidaadvogados\/wp-json\/wp\/v2\/tags?post=7099"}],"curies":[{"name":"wp","href":"https:\/\/api.w.org\/{rel}","templated":true}]}}