{"id":6917,"date":"2024-06-21T08:04:02","date_gmt":"2024-06-21T11:04:02","guid":{"rendered":"https:\/\/aprimora.site\/carvalhoalmeidaadvogados\/2024\/06\/21\/comemoracao-dos-20-anos-da-ouvidoria-do-tribunal-acontece-na-proxima-quarta-feira-19\/"},"modified":"2024-06-21T08:04:02","modified_gmt":"2024-06-21T11:04:02","slug":"comemoracao-dos-20-anos-da-ouvidoria-do-tribunal-acontece-na-proxima-quarta-feira-19","status":"publish","type":"post","link":"https:\/\/aprimora.site\/carvalhoalmeidaadvogados\/2024\/06\/21\/comemoracao-dos-20-anos-da-ouvidoria-do-tribunal-acontece-na-proxima-quarta-feira-19\/","title":{"rendered":"Comemora\u00e7\u00e3o dos 20 anos da Ouvidoria do tribunal acontece na pr\u00f3xima quarta-feira (19)"},"content":{"rendered":"<p>Comemora\u00e7\u00e3o dos 20 anos da Ouvidoria do tribunal acontece na pr\u00f3xima quarta-feira (19)<\/p>","protected":false},"excerpt":{"rendered":"<p>Comemora\u00e7\u00e3o dos 20 anos da Ouvidoria do tribunal acontece na pr\u00f3xima quarta-feira (19)<\/p>\n","protected":false},"author":0,"featured_media":0,"comment_status":"open","ping_status":"open","sticky":false,"template":"","format":"standard","meta":[],"categories":[1],"tags":[],"_links":{"self":[{"href":"https:\/\/aprimora.site\/carvalhoalmeidaadvogados\/wp-json\/wp\/v2\/posts\/6917"}],"collection":[{"href":"https:\/\/aprimora.site\/carvalhoalmeidaadvogados\/wp-json\/wp\/v2\/posts"}],"about":[{"href":"https:\/\/aprimora.site\/carvalhoalmeidaadvogados\/wp-json\/wp\/v2\/types\/post"}],"replies":[{"embeddable":true,"href":"https:\/\/aprimora.site\/carvalhoalmeidaadvogados\/wp-json\/wp\/v2\/comments?post=6917"}],"version-history":[{"count":0,"href":"https:\/\/aprimora.site\/carvalhoalmeidaadvogados\/wp-json\/wp\/v2\/posts\/6917\/revisions"}],"wp:attachment":[{"href":"https:\/\/aprimora.site\/carvalhoalmeidaadvogados\/wp-json\/wp\/v2\/media?parent=6917"}],"wp:term":[{"taxonomy":"category","embeddable":true,"href":"https:\/\/aprimora.site\/carvalhoalmeidaadvogados\/wp-json\/wp\/v2\/categories?post=6917"},{"taxonomy":"post_tag","embeddable":true,"href":"https:\/\/aprimora.site\/carvalhoalmeidaadvogados\/wp-json\/wp\/v2\/tags?post=6917"}],"curies":[{"name":"wp","href":"https:\/\/api.w.org\/{rel}","templated":true}]}}