{"id":6914,"date":"2024-06-21T08:04:02","date_gmt":"2024-06-21T11:04:02","guid":{"rendered":"https:\/\/aprimora.site\/carvalhoalmeidaadvogados\/2024\/06\/21\/dano-moral-coletivo-como-o-stj-interpreta-a-ofensa-que-atinge-valores-de-toda-a-comunidade\/"},"modified":"2024-06-21T08:04:02","modified_gmt":"2024-06-21T11:04:02","slug":"dano-moral-coletivo-como-o-stj-interpreta-a-ofensa-que-atinge-valores-de-toda-a-comunidade","status":"publish","type":"post","link":"https:\/\/aprimora.site\/carvalhoalmeidaadvogados\/2024\/06\/21\/dano-moral-coletivo-como-o-stj-interpreta-a-ofensa-que-atinge-valores-de-toda-a-comunidade\/","title":{"rendered":"Dano moral coletivo: como o STJ interpreta a ofensa que atinge valores de toda a comunidade"},"content":{"rendered":"<p>A derrubada de floresta nativa, contrariando a legisla\u00e7\u00e3o ambiental, \u00e9 uma das muitas condutas que a corte j\u00e1 considerou capazes de gerar danos morais coletivos e a respectiva obriga\u00e7\u00e3o de indenizar.<\/p>","protected":false},"excerpt":{"rendered":"<p>A derrubada de floresta nativa, contrariando a legisla\u00e7\u00e3o ambiental, \u00e9 uma das muitas condutas que a corte j\u00e1 considerou capazes de gerar danos morais coletivos e a respectiva obriga\u00e7\u00e3o de indenizar.<\/p>\n","protected":false},"author":0,"featured_media":0,"comment_status":"open","ping_status":"open","sticky":false,"template":"","format":"standard","meta":[],"categories":[1],"tags":[],"_links":{"self":[{"href":"https:\/\/aprimora.site\/carvalhoalmeidaadvogados\/wp-json\/wp\/v2\/posts\/6914"}],"collection":[{"href":"https:\/\/aprimora.site\/carvalhoalmeidaadvogados\/wp-json\/wp\/v2\/posts"}],"about":[{"href":"https:\/\/aprimora.site\/carvalhoalmeidaadvogados\/wp-json\/wp\/v2\/types\/post"}],"replies":[{"embeddable":true,"href":"https:\/\/aprimora.site\/carvalhoalmeidaadvogados\/wp-json\/wp\/v2\/comments?post=6914"}],"version-history":[{"count":0,"href":"https:\/\/aprimora.site\/carvalhoalmeidaadvogados\/wp-json\/wp\/v2\/posts\/6914\/revisions"}],"wp:attachment":[{"href":"https:\/\/aprimora.site\/carvalhoalmeidaadvogados\/wp-json\/wp\/v2\/media?parent=6914"}],"wp:term":[{"taxonomy":"category","embeddable":true,"href":"https:\/\/aprimora.site\/carvalhoalmeidaadvogados\/wp-json\/wp\/v2\/categories?post=6914"},{"taxonomy":"post_tag","embeddable":true,"href":"https:\/\/aprimora.site\/carvalhoalmeidaadvogados\/wp-json\/wp\/v2\/tags?post=6914"}],"curies":[{"name":"wp","href":"https:\/\/api.w.org\/{rel}","templated":true}]}}