{"id":6894,"date":"2024-06-21T08:04:00","date_gmt":"2024-06-21T11:04:00","guid":{"rendered":"https:\/\/aprimora.site\/carvalhoalmeidaadvogados\/2024\/06\/21\/ccj-do-senado-aprova-indicacao-do-ministro-mauro-campbell-marques-para-corregedor-nacional-de-justica\/"},"modified":"2024-06-21T08:04:00","modified_gmt":"2024-06-21T11:04:00","slug":"ccj-do-senado-aprova-indicacao-do-ministro-mauro-campbell-marques-para-corregedor-nacional-de-justica","status":"publish","type":"post","link":"https:\/\/aprimora.site\/carvalhoalmeidaadvogados\/2024\/06\/21\/ccj-do-senado-aprova-indicacao-do-ministro-mauro-campbell-marques-para-corregedor-nacional-de-justica\/","title":{"rendered":"CCJ do Senado aprova indica\u00e7\u00e3o do ministro Mauro Campbell Marques para corregedor nacional de Justi\u00e7a"},"content":{"rendered":"<p>Ap\u00f3s responder \u00e0s perguntas dos senadores na sabatina, o ministro teve seu nome aprovado de forma un\u00e2nime pela Comiss\u00e3o de Constitui\u00e7\u00e3o, Justi\u00e7a e Cidadania.<\/p>","protected":false},"excerpt":{"rendered":"<p>Ap\u00f3s responder \u00e0s perguntas dos senadores na sabatina, o ministro teve seu nome aprovado de forma un\u00e2nime pela Comiss\u00e3o de Constitui\u00e7\u00e3o, Justi\u00e7a e Cidadania.<\/p>\n","protected":false},"author":0,"featured_media":0,"comment_status":"open","ping_status":"open","sticky":false,"template":"","format":"standard","meta":[],"categories":[1],"tags":[],"_links":{"self":[{"href":"https:\/\/aprimora.site\/carvalhoalmeidaadvogados\/wp-json\/wp\/v2\/posts\/6894"}],"collection":[{"href":"https:\/\/aprimora.site\/carvalhoalmeidaadvogados\/wp-json\/wp\/v2\/posts"}],"about":[{"href":"https:\/\/aprimora.site\/carvalhoalmeidaadvogados\/wp-json\/wp\/v2\/types\/post"}],"replies":[{"embeddable":true,"href":"https:\/\/aprimora.site\/carvalhoalmeidaadvogados\/wp-json\/wp\/v2\/comments?post=6894"}],"version-history":[{"count":0,"href":"https:\/\/aprimora.site\/carvalhoalmeidaadvogados\/wp-json\/wp\/v2\/posts\/6894\/revisions"}],"wp:attachment":[{"href":"https:\/\/aprimora.site\/carvalhoalmeidaadvogados\/wp-json\/wp\/v2\/media?parent=6894"}],"wp:term":[{"taxonomy":"category","embeddable":true,"href":"https:\/\/aprimora.site\/carvalhoalmeidaadvogados\/wp-json\/wp\/v2\/categories?post=6894"},{"taxonomy":"post_tag","embeddable":true,"href":"https:\/\/aprimora.site\/carvalhoalmeidaadvogados\/wp-json\/wp\/v2\/tags?post=6894"}],"curies":[{"name":"wp","href":"https:\/\/api.w.org\/{rel}","templated":true}]}}