{"id":6844,"date":"2024-06-14T09:13:07","date_gmt":"2024-06-14T12:13:07","guid":{"rendered":"https:\/\/aprimora.site\/carvalhoalmeidaadvogados\/2024\/06\/14\/ministerio-publico-pode-ir-a-justica-para-questionar-honorarios-abusivos-em-acoes-previdenciarias\/"},"modified":"2024-06-14T09:13:07","modified_gmt":"2024-06-14T12:13:07","slug":"ministerio-publico-pode-ir-a-justica-para-questionar-honorarios-abusivos-em-acoes-previdenciarias","status":"publish","type":"post","link":"https:\/\/aprimora.site\/carvalhoalmeidaadvogados\/2024\/06\/14\/ministerio-publico-pode-ir-a-justica-para-questionar-honorarios-abusivos-em-acoes-previdenciarias\/","title":{"rendered":"Minist\u00e9rio P\u00fablico pode ir \u00e0 Justi\u00e7a para questionar honor\u00e1rios abusivos em a\u00e7\u00f5es previdenci\u00e1rias"},"content":{"rendered":"<p>Para a Terceira Turma, quando pessoas hipossuficientes e vulner\u00e1veis s\u00e3o induzidas de forma recorrente a aceitar a cobran\u00e7a abusiva de honor\u00e1rios, o problema ultrapassa a esfera meramente individual.<\/p>","protected":false},"excerpt":{"rendered":"<p>Para a Terceira Turma, quando pessoas hipossuficientes e vulner\u00e1veis s\u00e3o induzidas de forma recorrente a aceitar a cobran\u00e7a abusiva de honor\u00e1rios, o problema ultrapassa a esfera meramente individual.<\/p>\n","protected":false},"author":0,"featured_media":0,"comment_status":"open","ping_status":"open","sticky":false,"template":"","format":"standard","meta":[],"categories":[1],"tags":[],"_links":{"self":[{"href":"https:\/\/aprimora.site\/carvalhoalmeidaadvogados\/wp-json\/wp\/v2\/posts\/6844"}],"collection":[{"href":"https:\/\/aprimora.site\/carvalhoalmeidaadvogados\/wp-json\/wp\/v2\/posts"}],"about":[{"href":"https:\/\/aprimora.site\/carvalhoalmeidaadvogados\/wp-json\/wp\/v2\/types\/post"}],"replies":[{"embeddable":true,"href":"https:\/\/aprimora.site\/carvalhoalmeidaadvogados\/wp-json\/wp\/v2\/comments?post=6844"}],"version-history":[{"count":0,"href":"https:\/\/aprimora.site\/carvalhoalmeidaadvogados\/wp-json\/wp\/v2\/posts\/6844\/revisions"}],"wp:attachment":[{"href":"https:\/\/aprimora.site\/carvalhoalmeidaadvogados\/wp-json\/wp\/v2\/media?parent=6844"}],"wp:term":[{"taxonomy":"category","embeddable":true,"href":"https:\/\/aprimora.site\/carvalhoalmeidaadvogados\/wp-json\/wp\/v2\/categories?post=6844"},{"taxonomy":"post_tag","embeddable":true,"href":"https:\/\/aprimora.site\/carvalhoalmeidaadvogados\/wp-json\/wp\/v2\/tags?post=6844"}],"curies":[{"name":"wp","href":"https:\/\/api.w.org\/{rel}","templated":true}]}}