{"id":6798,"date":"2024-06-07T06:18:26","date_gmt":"2024-06-07T09:18:26","guid":{"rendered":"https:\/\/aprimora.site\/carvalhoalmeidaadvogados\/2024\/06\/07\/jurisprudencia-em-teses-traz-novos-entendimentos-sobre-busca-e-apreensao-em-processo-penal\/"},"modified":"2024-06-07T06:18:26","modified_gmt":"2024-06-07T09:18:26","slug":"jurisprudencia-em-teses-traz-novos-entendimentos-sobre-busca-e-apreensao-em-processo-penal","status":"publish","type":"post","link":"https:\/\/aprimora.site\/carvalhoalmeidaadvogados\/2024\/06\/07\/jurisprudencia-em-teses-traz-novos-entendimentos-sobre-busca-e-apreensao-em-processo-penal\/","title":{"rendered":"Jurisprud\u00eancia em Teses traz novos entendimentos sobre busca e apreens\u00e3o em processo penal"},"content":{"rendered":"<p>Jurisprud\u00eancia em Teses traz novos entendimentos sobre busca e apreens\u00e3o em processo penal<\/p>","protected":false},"excerpt":{"rendered":"<p>Jurisprud\u00eancia em Teses traz novos entendimentos sobre busca e apreens\u00e3o em processo penal<\/p>\n","protected":false},"author":0,"featured_media":0,"comment_status":"open","ping_status":"open","sticky":false,"template":"","format":"standard","meta":[],"categories":[1],"tags":[],"_links":{"self":[{"href":"https:\/\/aprimora.site\/carvalhoalmeidaadvogados\/wp-json\/wp\/v2\/posts\/6798"}],"collection":[{"href":"https:\/\/aprimora.site\/carvalhoalmeidaadvogados\/wp-json\/wp\/v2\/posts"}],"about":[{"href":"https:\/\/aprimora.site\/carvalhoalmeidaadvogados\/wp-json\/wp\/v2\/types\/post"}],"replies":[{"embeddable":true,"href":"https:\/\/aprimora.site\/carvalhoalmeidaadvogados\/wp-json\/wp\/v2\/comments?post=6798"}],"version-history":[{"count":0,"href":"https:\/\/aprimora.site\/carvalhoalmeidaadvogados\/wp-json\/wp\/v2\/posts\/6798\/revisions"}],"wp:attachment":[{"href":"https:\/\/aprimora.site\/carvalhoalmeidaadvogados\/wp-json\/wp\/v2\/media?parent=6798"}],"wp:term":[{"taxonomy":"category","embeddable":true,"href":"https:\/\/aprimora.site\/carvalhoalmeidaadvogados\/wp-json\/wp\/v2\/categories?post=6798"},{"taxonomy":"post_tag","embeddable":true,"href":"https:\/\/aprimora.site\/carvalhoalmeidaadvogados\/wp-json\/wp\/v2\/tags?post=6798"}],"curies":[{"name":"wp","href":"https:\/\/api.w.org\/{rel}","templated":true}]}}