{"id":6717,"date":"2024-05-24T05:53:44","date_gmt":"2024-05-24T08:53:44","guid":{"rendered":"https:\/\/aprimora.site\/carvalhoalmeidaadvogados\/2024\/05\/24\/podcast-radio-decidendi-professora-debora-bonat-avalia-relevancia-da-questao-federal-frente-aos-direitos-humanos\/"},"modified":"2024-05-24T05:53:44","modified_gmt":"2024-05-24T08:53:44","slug":"podcast-radio-decidendi-professora-debora-bonat-avalia-relevancia-da-questao-federal-frente-aos-direitos-humanos","status":"publish","type":"post","link":"https:\/\/aprimora.site\/carvalhoalmeidaadvogados\/2024\/05\/24\/podcast-radio-decidendi-professora-debora-bonat-avalia-relevancia-da-questao-federal-frente-aos-direitos-humanos\/","title":{"rendered":"Podcast R\u00e1dio Decidendi: professora Debora Bonat avalia relev\u00e2ncia da quest\u00e3o federal frente aos direitos humanos"},"content":{"rendered":"<p>Podcast R\u00e1dio Decidendi: professora Debora Bonat avalia relev\u00e2ncia da quest\u00e3o federal frente aos direitos humanos<\/p>","protected":false},"excerpt":{"rendered":"<p>Podcast R\u00e1dio Decidendi: professora Debora Bonat avalia relev\u00e2ncia da quest\u00e3o federal frente aos direitos humanos<\/p>\n","protected":false},"author":0,"featured_media":0,"comment_status":"open","ping_status":"open","sticky":false,"template":"","format":"standard","meta":[],"categories":[1],"tags":[],"_links":{"self":[{"href":"https:\/\/aprimora.site\/carvalhoalmeidaadvogados\/wp-json\/wp\/v2\/posts\/6717"}],"collection":[{"href":"https:\/\/aprimora.site\/carvalhoalmeidaadvogados\/wp-json\/wp\/v2\/posts"}],"about":[{"href":"https:\/\/aprimora.site\/carvalhoalmeidaadvogados\/wp-json\/wp\/v2\/types\/post"}],"replies":[{"embeddable":true,"href":"https:\/\/aprimora.site\/carvalhoalmeidaadvogados\/wp-json\/wp\/v2\/comments?post=6717"}],"version-history":[{"count":0,"href":"https:\/\/aprimora.site\/carvalhoalmeidaadvogados\/wp-json\/wp\/v2\/posts\/6717\/revisions"}],"wp:attachment":[{"href":"https:\/\/aprimora.site\/carvalhoalmeidaadvogados\/wp-json\/wp\/v2\/media?parent=6717"}],"wp:term":[{"taxonomy":"category","embeddable":true,"href":"https:\/\/aprimora.site\/carvalhoalmeidaadvogados\/wp-json\/wp\/v2\/categories?post=6717"},{"taxonomy":"post_tag","embeddable":true,"href":"https:\/\/aprimora.site\/carvalhoalmeidaadvogados\/wp-json\/wp\/v2\/tags?post=6717"}],"curies":[{"name":"wp","href":"https:\/\/api.w.org\/{rel}","templated":true}]}}