{"id":6665,"date":"2024-05-17T05:45:24","date_gmt":"2024-05-17T08:45:24","guid":{"rendered":"https:\/\/aprimora.site\/carvalhoalmeidaadvogados\/2024\/05\/17\/tribunal-lanca-campanha-nas-redes-sociais-para-combater-assedio-e-discriminacao\/"},"modified":"2024-05-17T05:45:24","modified_gmt":"2024-05-17T08:45:24","slug":"tribunal-lanca-campanha-nas-redes-sociais-para-combater-assedio-e-discriminacao","status":"publish","type":"post","link":"https:\/\/aprimora.site\/carvalhoalmeidaadvogados\/2024\/05\/17\/tribunal-lanca-campanha-nas-redes-sociais-para-combater-assedio-e-discriminacao\/","title":{"rendered":"Tribunal lan\u00e7a campanha nas redes sociais para combater ass\u00e9dio e discrimina\u00e7\u00e3o"},"content":{"rendered":"<p>Redes sociais do STJ engajadas na luta contra toda forma de ass\u00e9dio<\/p>","protected":false},"excerpt":{"rendered":"<p>Redes sociais do STJ engajadas na luta contra toda forma de ass\u00e9dio<\/p>\n","protected":false},"author":0,"featured_media":0,"comment_status":"open","ping_status":"open","sticky":false,"template":"","format":"standard","meta":[],"categories":[1],"tags":[],"_links":{"self":[{"href":"https:\/\/aprimora.site\/carvalhoalmeidaadvogados\/wp-json\/wp\/v2\/posts\/6665"}],"collection":[{"href":"https:\/\/aprimora.site\/carvalhoalmeidaadvogados\/wp-json\/wp\/v2\/posts"}],"about":[{"href":"https:\/\/aprimora.site\/carvalhoalmeidaadvogados\/wp-json\/wp\/v2\/types\/post"}],"replies":[{"embeddable":true,"href":"https:\/\/aprimora.site\/carvalhoalmeidaadvogados\/wp-json\/wp\/v2\/comments?post=6665"}],"version-history":[{"count":0,"href":"https:\/\/aprimora.site\/carvalhoalmeidaadvogados\/wp-json\/wp\/v2\/posts\/6665\/revisions"}],"wp:attachment":[{"href":"https:\/\/aprimora.site\/carvalhoalmeidaadvogados\/wp-json\/wp\/v2\/media?parent=6665"}],"wp:term":[{"taxonomy":"category","embeddable":true,"href":"https:\/\/aprimora.site\/carvalhoalmeidaadvogados\/wp-json\/wp\/v2\/categories?post=6665"},{"taxonomy":"post_tag","embeddable":true,"href":"https:\/\/aprimora.site\/carvalhoalmeidaadvogados\/wp-json\/wp\/v2\/tags?post=6665"}],"curies":[{"name":"wp","href":"https:\/\/api.w.org\/{rel}","templated":true}]}}