{"id":6630,"date":"2024-05-17T05:45:21","date_gmt":"2024-05-17T08:45:21","guid":{"rendered":"https:\/\/aprimora.site\/carvalhoalmeidaadvogados\/2024\/05\/17\/exposicao-do-papel-ao-digital-os-35-anos-da-corte-cidada-termina-nesta-sexta-17\/"},"modified":"2024-05-17T05:45:21","modified_gmt":"2024-05-17T08:45:21","slug":"exposicao-do-papel-ao-digital-os-35-anos-da-corte-cidada-termina-nesta-sexta-17","status":"publish","type":"post","link":"https:\/\/aprimora.site\/carvalhoalmeidaadvogados\/2024\/05\/17\/exposicao-do-papel-ao-digital-os-35-anos-da-corte-cidada-termina-nesta-sexta-17\/","title":{"rendered":"Exposi\u00e7\u00e3o Do Papel ao Digital: os 35 anos da Corte Cidad\u00e3 termina nesta sexta (17)"},"content":{"rendered":"<p>Exposi\u00e7\u00e3o Do Papel ao Digital: os 35 anos da Corte Cidad\u00e3 termina nesta sexta (17)<\/p>","protected":false},"excerpt":{"rendered":"<p>Exposi\u00e7\u00e3o Do Papel ao Digital: os 35 anos da Corte Cidad\u00e3 termina nesta sexta (17)<\/p>\n","protected":false},"author":0,"featured_media":0,"comment_status":"open","ping_status":"open","sticky":false,"template":"","format":"standard","meta":[],"categories":[1],"tags":[],"_links":{"self":[{"href":"https:\/\/aprimora.site\/carvalhoalmeidaadvogados\/wp-json\/wp\/v2\/posts\/6630"}],"collection":[{"href":"https:\/\/aprimora.site\/carvalhoalmeidaadvogados\/wp-json\/wp\/v2\/posts"}],"about":[{"href":"https:\/\/aprimora.site\/carvalhoalmeidaadvogados\/wp-json\/wp\/v2\/types\/post"}],"replies":[{"embeddable":true,"href":"https:\/\/aprimora.site\/carvalhoalmeidaadvogados\/wp-json\/wp\/v2\/comments?post=6630"}],"version-history":[{"count":0,"href":"https:\/\/aprimora.site\/carvalhoalmeidaadvogados\/wp-json\/wp\/v2\/posts\/6630\/revisions"}],"wp:attachment":[{"href":"https:\/\/aprimora.site\/carvalhoalmeidaadvogados\/wp-json\/wp\/v2\/media?parent=6630"}],"wp:term":[{"taxonomy":"category","embeddable":true,"href":"https:\/\/aprimora.site\/carvalhoalmeidaadvogados\/wp-json\/wp\/v2\/categories?post=6630"},{"taxonomy":"post_tag","embeddable":true,"href":"https:\/\/aprimora.site\/carvalhoalmeidaadvogados\/wp-json\/wp\/v2\/tags?post=6630"}],"curies":[{"name":"wp","href":"https:\/\/api.w.org\/{rel}","templated":true}]}}