{"id":6520,"date":"2024-05-02T11:26:56","date_gmt":"2024-05-02T14:26:56","guid":{"rendered":"https:\/\/aprimora.site\/carvalhoalmeidaadvogados\/2024\/05\/02\/audiencia-publica-vai-discutir-penhora-de-imovel-alienado-fiduciariamente-em-execucao-de-divida-de-condominio\/"},"modified":"2024-05-02T11:26:56","modified_gmt":"2024-05-02T14:26:56","slug":"audiencia-publica-vai-discutir-penhora-de-imovel-alienado-fiduciariamente-em-execucao-de-divida-de-condominio","status":"publish","type":"post","link":"https:\/\/aprimora.site\/carvalhoalmeidaadvogados\/2024\/05\/02\/audiencia-publica-vai-discutir-penhora-de-imovel-alienado-fiduciariamente-em-execucao-de-divida-de-condominio\/","title":{"rendered":"Audi\u00eancia p\u00fablica vai discutir penhora de im\u00f3vel alienado fiduciariamente em execu\u00e7\u00e3o de d\u00edvida de condom\u00ednio"},"content":{"rendered":"<p>Audi\u00eancia p\u00fablica vai discutir penhora de im\u00f3vel alienado fiduciariamente em execu\u00e7\u00e3o de d\u00edvida de condom\u00ednio<\/p>","protected":false},"excerpt":{"rendered":"<p>Audi\u00eancia p\u00fablica vai discutir penhora de im\u00f3vel alienado fiduciariamente em execu\u00e7\u00e3o de d\u00edvida de condom\u00ednio<\/p>\n","protected":false},"author":0,"featured_media":0,"comment_status":"open","ping_status":"open","sticky":false,"template":"","format":"standard","meta":[],"categories":[1],"tags":[],"_links":{"self":[{"href":"https:\/\/aprimora.site\/carvalhoalmeidaadvogados\/wp-json\/wp\/v2\/posts\/6520"}],"collection":[{"href":"https:\/\/aprimora.site\/carvalhoalmeidaadvogados\/wp-json\/wp\/v2\/posts"}],"about":[{"href":"https:\/\/aprimora.site\/carvalhoalmeidaadvogados\/wp-json\/wp\/v2\/types\/post"}],"replies":[{"embeddable":true,"href":"https:\/\/aprimora.site\/carvalhoalmeidaadvogados\/wp-json\/wp\/v2\/comments?post=6520"}],"version-history":[{"count":0,"href":"https:\/\/aprimora.site\/carvalhoalmeidaadvogados\/wp-json\/wp\/v2\/posts\/6520\/revisions"}],"wp:attachment":[{"href":"https:\/\/aprimora.site\/carvalhoalmeidaadvogados\/wp-json\/wp\/v2\/media?parent=6520"}],"wp:term":[{"taxonomy":"category","embeddable":true,"href":"https:\/\/aprimora.site\/carvalhoalmeidaadvogados\/wp-json\/wp\/v2\/categories?post=6520"},{"taxonomy":"post_tag","embeddable":true,"href":"https:\/\/aprimora.site\/carvalhoalmeidaadvogados\/wp-json\/wp\/v2\/tags?post=6520"}],"curies":[{"name":"wp","href":"https:\/\/api.w.org\/{rel}","templated":true}]}}