{"id":6475,"date":"2024-04-24T16:01:10","date_gmt":"2024-04-24T19:01:10","guid":{"rendered":"https:\/\/aprimora.site\/carvalhoalmeidaadvogados\/2024\/04\/24\/jurisprudencia-em-teses-traz-novos-entendimentos-sobre-demarcacao-de-terras-e-adocao-de-criancas-indigenas\/"},"modified":"2024-04-24T16:01:10","modified_gmt":"2024-04-24T19:01:10","slug":"jurisprudencia-em-teses-traz-novos-entendimentos-sobre-demarcacao-de-terras-e-adocao-de-criancas-indigenas","status":"publish","type":"post","link":"https:\/\/aprimora.site\/carvalhoalmeidaadvogados\/2024\/04\/24\/jurisprudencia-em-teses-traz-novos-entendimentos-sobre-demarcacao-de-terras-e-adocao-de-criancas-indigenas\/","title":{"rendered":"Jurisprud\u00eancia em Teses traz novos entendimentos sobre demarca\u00e7\u00e3o de terras e ado\u00e7\u00e3o de crian\u00e7as ind\u00edgenas"},"content":{"rendered":"<p>Jurisprud\u00eancia em Teses traz novos entendimentos sobre demarca\u00e7\u00e3o de terras e ado\u00e7\u00e3o de crian\u00e7as ind\u00edgenas<\/p>","protected":false},"excerpt":{"rendered":"<p>Jurisprud\u00eancia em Teses traz novos entendimentos sobre demarca\u00e7\u00e3o de terras e ado\u00e7\u00e3o de crian\u00e7as ind\u00edgenas<\/p>\n","protected":false},"author":0,"featured_media":0,"comment_status":"open","ping_status":"open","sticky":false,"template":"","format":"standard","meta":[],"categories":[1],"tags":[],"_links":{"self":[{"href":"https:\/\/aprimora.site\/carvalhoalmeidaadvogados\/wp-json\/wp\/v2\/posts\/6475"}],"collection":[{"href":"https:\/\/aprimora.site\/carvalhoalmeidaadvogados\/wp-json\/wp\/v2\/posts"}],"about":[{"href":"https:\/\/aprimora.site\/carvalhoalmeidaadvogados\/wp-json\/wp\/v2\/types\/post"}],"replies":[{"embeddable":true,"href":"https:\/\/aprimora.site\/carvalhoalmeidaadvogados\/wp-json\/wp\/v2\/comments?post=6475"}],"version-history":[{"count":0,"href":"https:\/\/aprimora.site\/carvalhoalmeidaadvogados\/wp-json\/wp\/v2\/posts\/6475\/revisions"}],"wp:attachment":[{"href":"https:\/\/aprimora.site\/carvalhoalmeidaadvogados\/wp-json\/wp\/v2\/media?parent=6475"}],"wp:term":[{"taxonomy":"category","embeddable":true,"href":"https:\/\/aprimora.site\/carvalhoalmeidaadvogados\/wp-json\/wp\/v2\/categories?post=6475"},{"taxonomy":"post_tag","embeddable":true,"href":"https:\/\/aprimora.site\/carvalhoalmeidaadvogados\/wp-json\/wp\/v2\/tags?post=6475"}],"curies":[{"name":"wp","href":"https:\/\/api.w.org\/{rel}","templated":true}]}}