{"id":6469,"date":"2024-04-24T16:01:10","date_gmt":"2024-04-24T19:01:10","guid":{"rendered":"https:\/\/aprimora.site\/carvalhoalmeidaadvogados\/2024\/04\/24\/corte-especial-cancela-sumula-sobre-honorarios-advocaticios-da-defensoria-publica\/"},"modified":"2024-04-24T16:01:10","modified_gmt":"2024-04-24T19:01:10","slug":"corte-especial-cancela-sumula-sobre-honorarios-advocaticios-da-defensoria-publica","status":"publish","type":"post","link":"https:\/\/aprimora.site\/carvalhoalmeidaadvogados\/2024\/04\/24\/corte-especial-cancela-sumula-sobre-honorarios-advocaticios-da-defensoria-publica\/","title":{"rendered":"Corte Especial cancela s\u00famula sobre honor\u00e1rios advocat\u00edcios da Defensoria P\u00fablica"},"content":{"rendered":"<p>Corte Especial cancela s\u00famula sobre honor\u00e1rios advocat\u00edcios da Defensoria P\u00fablica<\/p>","protected":false},"excerpt":{"rendered":"<p>Corte Especial cancela s\u00famula sobre honor\u00e1rios advocat\u00edcios da Defensoria P\u00fablica<\/p>\n","protected":false},"author":0,"featured_media":0,"comment_status":"open","ping_status":"open","sticky":false,"template":"","format":"standard","meta":[],"categories":[1],"tags":[],"_links":{"self":[{"href":"https:\/\/aprimora.site\/carvalhoalmeidaadvogados\/wp-json\/wp\/v2\/posts\/6469"}],"collection":[{"href":"https:\/\/aprimora.site\/carvalhoalmeidaadvogados\/wp-json\/wp\/v2\/posts"}],"about":[{"href":"https:\/\/aprimora.site\/carvalhoalmeidaadvogados\/wp-json\/wp\/v2\/types\/post"}],"replies":[{"embeddable":true,"href":"https:\/\/aprimora.site\/carvalhoalmeidaadvogados\/wp-json\/wp\/v2\/comments?post=6469"}],"version-history":[{"count":0,"href":"https:\/\/aprimora.site\/carvalhoalmeidaadvogados\/wp-json\/wp\/v2\/posts\/6469\/revisions"}],"wp:attachment":[{"href":"https:\/\/aprimora.site\/carvalhoalmeidaadvogados\/wp-json\/wp\/v2\/media?parent=6469"}],"wp:term":[{"taxonomy":"category","embeddable":true,"href":"https:\/\/aprimora.site\/carvalhoalmeidaadvogados\/wp-json\/wp\/v2\/categories?post=6469"},{"taxonomy":"post_tag","embeddable":true,"href":"https:\/\/aprimora.site\/carvalhoalmeidaadvogados\/wp-json\/wp\/v2\/tags?post=6469"}],"curies":[{"name":"wp","href":"https:\/\/api.w.org\/{rel}","templated":true}]}}