{"id":6450,"date":"2024-04-24T16:01:08","date_gmt":"2024-04-24T19:01:08","guid":{"rendered":"https:\/\/aprimora.site\/carvalhoalmeidaadvogados\/2024\/04\/24\/cerimonia-de-entrega-do-i-premio-nacional-de-jornalismo-do-poder-judiciario-acontece-nesta-quarta-24\/"},"modified":"2024-04-24T16:01:08","modified_gmt":"2024-04-24T19:01:08","slug":"cerimonia-de-entrega-do-i-premio-nacional-de-jornalismo-do-poder-judiciario-acontece-nesta-quarta-24","status":"publish","type":"post","link":"https:\/\/aprimora.site\/carvalhoalmeidaadvogados\/2024\/04\/24\/cerimonia-de-entrega-do-i-premio-nacional-de-jornalismo-do-poder-judiciario-acontece-nesta-quarta-24\/","title":{"rendered":"Cerim\u00f4nia de entrega do I Pr\u00eamio Nacional de Jornalismo do Poder Judici\u00e1rio acontece nesta quarta (24)"},"content":{"rendered":"<p>Cerim\u00f4nia de entrega do I Pr\u00eamio Nacional de Jornalismo do Poder Judici\u00e1rio acontece nesta quarta (24)<\/p>","protected":false},"excerpt":{"rendered":"<p>Cerim\u00f4nia de entrega do I Pr\u00eamio Nacional de Jornalismo do Poder Judici\u00e1rio acontece nesta quarta (24)<\/p>\n","protected":false},"author":0,"featured_media":0,"comment_status":"open","ping_status":"open","sticky":false,"template":"","format":"standard","meta":[],"categories":[1],"tags":[],"_links":{"self":[{"href":"https:\/\/aprimora.site\/carvalhoalmeidaadvogados\/wp-json\/wp\/v2\/posts\/6450"}],"collection":[{"href":"https:\/\/aprimora.site\/carvalhoalmeidaadvogados\/wp-json\/wp\/v2\/posts"}],"about":[{"href":"https:\/\/aprimora.site\/carvalhoalmeidaadvogados\/wp-json\/wp\/v2\/types\/post"}],"replies":[{"embeddable":true,"href":"https:\/\/aprimora.site\/carvalhoalmeidaadvogados\/wp-json\/wp\/v2\/comments?post=6450"}],"version-history":[{"count":0,"href":"https:\/\/aprimora.site\/carvalhoalmeidaadvogados\/wp-json\/wp\/v2\/posts\/6450\/revisions"}],"wp:attachment":[{"href":"https:\/\/aprimora.site\/carvalhoalmeidaadvogados\/wp-json\/wp\/v2\/media?parent=6450"}],"wp:term":[{"taxonomy":"category","embeddable":true,"href":"https:\/\/aprimora.site\/carvalhoalmeidaadvogados\/wp-json\/wp\/v2\/categories?post=6450"},{"taxonomy":"post_tag","embeddable":true,"href":"https:\/\/aprimora.site\/carvalhoalmeidaadvogados\/wp-json\/wp\/v2\/tags?post=6450"}],"curies":[{"name":"wp","href":"https:\/\/api.w.org\/{rel}","templated":true}]}}