{"id":6416,"date":"2024-04-19T05:15:29","date_gmt":"2024-04-19T08:15:29","guid":{"rendered":"https:\/\/aprimora.site\/carvalhoalmeidaadvogados\/2024\/04\/19\/pedido-de-indenizacao-minima-pelo-assistente-da-acusacao-nao-dispensa-requerimento-na-denuncia\/"},"modified":"2024-04-19T05:15:29","modified_gmt":"2024-04-19T08:15:29","slug":"pedido-de-indenizacao-minima-pelo-assistente-da-acusacao-nao-dispensa-requerimento-na-denuncia","status":"publish","type":"post","link":"https:\/\/aprimora.site\/carvalhoalmeidaadvogados\/2024\/04\/19\/pedido-de-indenizacao-minima-pelo-assistente-da-acusacao-nao-dispensa-requerimento-na-denuncia\/","title":{"rendered":"Pedido de indeniza\u00e7\u00e3o m\u00ednima pelo assistente da acusa\u00e7\u00e3o n\u00e3o dispensa requerimento na den\u00fancia"},"content":{"rendered":"<p>No caso de dano moral presumido, a fixa\u00e7\u00e3o de valor m\u00ednimo para repara\u00e7\u00e3o n\u00e3o exige produ\u00e7\u00e3o de prova espec\u00edfica, mas \u00e9 preciso haver pedido expresso com indica\u00e7\u00e3o do valor na den\u00fancia.<\/p>","protected":false},"excerpt":{"rendered":"<p>No caso de dano moral presumido, a fixa\u00e7\u00e3o de valor m\u00ednimo para repara\u00e7\u00e3o n\u00e3o exige produ\u00e7\u00e3o de prova espec\u00edfica, mas \u00e9 preciso haver pedido expresso com indica\u00e7\u00e3o do valor na den\u00fancia.<\/p>\n","protected":false},"author":0,"featured_media":0,"comment_status":"open","ping_status":"open","sticky":false,"template":"","format":"standard","meta":[],"categories":[1],"tags":[],"_links":{"self":[{"href":"https:\/\/aprimora.site\/carvalhoalmeidaadvogados\/wp-json\/wp\/v2\/posts\/6416"}],"collection":[{"href":"https:\/\/aprimora.site\/carvalhoalmeidaadvogados\/wp-json\/wp\/v2\/posts"}],"about":[{"href":"https:\/\/aprimora.site\/carvalhoalmeidaadvogados\/wp-json\/wp\/v2\/types\/post"}],"replies":[{"embeddable":true,"href":"https:\/\/aprimora.site\/carvalhoalmeidaadvogados\/wp-json\/wp\/v2\/comments?post=6416"}],"version-history":[{"count":0,"href":"https:\/\/aprimora.site\/carvalhoalmeidaadvogados\/wp-json\/wp\/v2\/posts\/6416\/revisions"}],"wp:attachment":[{"href":"https:\/\/aprimora.site\/carvalhoalmeidaadvogados\/wp-json\/wp\/v2\/media?parent=6416"}],"wp:term":[{"taxonomy":"category","embeddable":true,"href":"https:\/\/aprimora.site\/carvalhoalmeidaadvogados\/wp-json\/wp\/v2\/categories?post=6416"},{"taxonomy":"post_tag","embeddable":true,"href":"https:\/\/aprimora.site\/carvalhoalmeidaadvogados\/wp-json\/wp\/v2\/tags?post=6416"}],"curies":[{"name":"wp","href":"https:\/\/api.w.org\/{rel}","templated":true}]}}