{"id":6413,"date":"2024-04-19T05:15:29","date_gmt":"2024-04-19T08:15:29","guid":{"rendered":"https:\/\/aprimora.site\/carvalhoalmeidaadvogados\/2024\/04\/19\/tribunal-elege-presidente-e-vice-para-o-bienio-2024-2026-no-proximo-dia-23\/"},"modified":"2024-04-19T05:15:29","modified_gmt":"2024-04-19T08:15:29","slug":"tribunal-elege-presidente-e-vice-para-o-bienio-2024-2026-no-proximo-dia-23","status":"publish","type":"post","link":"https:\/\/aprimora.site\/carvalhoalmeidaadvogados\/2024\/04\/19\/tribunal-elege-presidente-e-vice-para-o-bienio-2024-2026-no-proximo-dia-23\/","title":{"rendered":"Tribunal elege presidente e vice para o bi\u00eanio 2024-2026 no pr\u00f3ximo dia 23"},"content":{"rendered":"<p>Tribunal elege presidente e vice para o bi\u00eanio 2024-2026 no pr\u00f3ximo dia 23<\/p>","protected":false},"excerpt":{"rendered":"<p>Tribunal elege presidente e vice para o bi\u00eanio 2024-2026 no pr\u00f3ximo dia 23<\/p>\n","protected":false},"author":0,"featured_media":0,"comment_status":"open","ping_status":"open","sticky":false,"template":"","format":"standard","meta":[],"categories":[1],"tags":[],"_links":{"self":[{"href":"https:\/\/aprimora.site\/carvalhoalmeidaadvogados\/wp-json\/wp\/v2\/posts\/6413"}],"collection":[{"href":"https:\/\/aprimora.site\/carvalhoalmeidaadvogados\/wp-json\/wp\/v2\/posts"}],"about":[{"href":"https:\/\/aprimora.site\/carvalhoalmeidaadvogados\/wp-json\/wp\/v2\/types\/post"}],"replies":[{"embeddable":true,"href":"https:\/\/aprimora.site\/carvalhoalmeidaadvogados\/wp-json\/wp\/v2\/comments?post=6413"}],"version-history":[{"count":0,"href":"https:\/\/aprimora.site\/carvalhoalmeidaadvogados\/wp-json\/wp\/v2\/posts\/6413\/revisions"}],"wp:attachment":[{"href":"https:\/\/aprimora.site\/carvalhoalmeidaadvogados\/wp-json\/wp\/v2\/media?parent=6413"}],"wp:term":[{"taxonomy":"category","embeddable":true,"href":"https:\/\/aprimora.site\/carvalhoalmeidaadvogados\/wp-json\/wp\/v2\/categories?post=6413"},{"taxonomy":"post_tag","embeddable":true,"href":"https:\/\/aprimora.site\/carvalhoalmeidaadvogados\/wp-json\/wp\/v2\/tags?post=6413"}],"curies":[{"name":"wp","href":"https:\/\/api.w.org\/{rel}","templated":true}]}}