{"id":6348,"date":"2024-04-12T05:05:22","date_gmt":"2024-04-12T08:05:22","guid":{"rendered":"https:\/\/aprimora.site\/carvalhoalmeidaadvogados\/2024\/04\/12\/regulacao-de-plataformas-digitais-as-novas-pecas-no-xadrez-politico\/"},"modified":"2024-04-12T05:05:22","modified_gmt":"2024-04-12T08:05:22","slug":"regulacao-de-plataformas-digitais-as-novas-pecas-no-xadrez-politico","status":"publish","type":"post","link":"https:\/\/aprimora.site\/carvalhoalmeidaadvogados\/2024\/04\/12\/regulacao-de-plataformas-digitais-as-novas-pecas-no-xadrez-politico\/","title":{"rendered":"Regula\u00e7\u00e3o de plataformas digitais: as novas pe\u00e7as no xadrez pol\u00edtico"},"content":{"rendered":"<p>Os <a href=\"https:\/\/www.jota.info\/stf\/do-supremo\/apos-ataques-moraes-determina-abertura-de-inquerito-contra-elon-musk-08042024\">coment\u00e1rios de Elon Musk<\/a> sobre a atua\u00e7\u00e3o do Judici\u00e1rio no Brasil movimentaram a pauta de regula\u00e7\u00e3o de plataformas nesta semana, adicionando mais um cap\u00edtulo ao c\u00edrculo vicioso do debate, que se estende desde 2020.<\/p>\n<p>Apesar de ser um dos itens priorit\u00e1rios na agenda legislativa, a <a href=\"https:\/\/www.jota.info\/tudo-sobre\/regulacao-das-plataformas\">regula\u00e7\u00e3o de plataformas<\/a> sempre foi permeada por uma sequ\u00eancia de debates acirrados, seguidos por per\u00edodos de sil\u00eancio, mantendo o Brasil em um impasse regulat\u00f3rio. Esse v\u00e1cuo legislativo vem sendo apontado como um problema crescente. Nos \u00faltimos anos, o ministro Alexandre de Moraes tem sido uma voz ativa, pressionando por uma regula\u00e7\u00e3o robusta antes e ap\u00f3s as elei\u00e7\u00f5es gerais de 2022, em uma tentativa de conter a dissemina\u00e7\u00e3o de conte\u00fados ilegais e de discursos de \u00f3dio, sobretudo quando os ministros e as cortes passaram a ser os principais alvos dos ataques.<\/p>\n<p>Na falta de uma legisla\u00e7\u00e3o abrangente, tem-se observado um aumento nas decis\u00f5es judiciais que expandem e tensionam jurisprud\u00eancias existentes, como a flexibiliza\u00e7\u00e3o da necessidade de URLs espec\u00edficas para a remo\u00e7\u00e3o de conte\u00fados considerados \u201cid\u00eanticos\u201d em contextos eleitorais.<\/p>\n<p>Embora vise agilizar o combate \u00e0 desinforma\u00e7\u00e3o e ao abuso nas plataformas, esse movimento do Judici\u00e1rio refor\u00e7ou a percep\u00e7\u00e3o sobre o car\u00e1ter prec\u00e1rio da interven\u00e7\u00e3o judicial na esfera p\u00fablica tendo por base fundamental a reinterpreta\u00e7\u00e3o de leis j\u00e1 existentes. Ou seja, a atua\u00e7\u00e3o do Supremo Tribunal Federal (<a href=\"https:\/\/www.jota.info\/tudo-sobre\/stf\">STF<\/a>) destaca, por meio de decis\u00f5es e de declara\u00e7\u00f5es de alguns de seus ministros, a necessidade de reformas legislativas no \u00e2mbito das plataformas digitais.<\/p>\n<h3>Governan\u00e7a de conte\u00fado e plataformas digitais<\/h3>\n<p>N\u00e3o \u00e9 coincid\u00eancia que a nova crise sobre regula\u00e7\u00e3o de plataformas no Brasil tenha come\u00e7ado no X (antigo Twitter). Desde que Elon Musk comprou a plataforma, ele vem introduzindo novas pr\u00e1ticas de gest\u00e3o.<\/p>\n<p>Uma das primeiras decis\u00f5es de Musk foi demitir grande parte dos trabalhadores da empresa, inclusive de seguran\u00e7a e confian\u00e7a (safety &amp; trust). A plataforma tamb\u00e9m vem adotando pr\u00e1ticas sobre governan\u00e7a de conte\u00fado que contrastam drasticamente (e propositalmente) com os padr\u00f5es da ind\u00fastria de m\u00eddias sociais.<\/p>\n<p>A cereja do bolo \u00e9 o fato de Elon Musk, enquanto dono do X, utilizar a plataforma para vocalizar posicionamentos ideol\u00f3gicos e, por vezes, atacar lideran\u00e7as pol\u00edticas, al\u00e9m de processar organiza\u00e7\u00f5es sem fins lucrativos, como aconteceu com o Center for Countering Digital Hate, no Reino Unido. Esse cen\u00e1rio todo serve como um lembrete pungente da necessidade de uma regula\u00e7\u00e3o espec\u00edfica para essa ind\u00fastria, que equilibre a <a href=\"https:\/\/www.jota.info\/tudo-sobre\/liberdade-de-expressao\">liberdade de express\u00e3o<\/a> e a responsabilidade das plataformas.<\/p>\n<p>Nesta semana, ap\u00f3s os ataques de Musk, o presidente da C\u00e2mara dos Deputados, Arthur Lira (PP-AL), decidiu criar um grupo de trabalho para debater a regula\u00e7\u00e3o de plataformas. Segundo ele, o GT deve ter dura\u00e7\u00e3o de 30 a 45 dias e resultar em um texto que possa ser levado \u00e0 vota\u00e7\u00e3o no plen\u00e1rio. O movimento, entretanto, pode fazer com que o <a href=\"https:\/\/www.camara.leg.br\/propostas-legislativas\/2256735\">PL 2630\/2020<\/a>, relatado por Orlando Silva (PC do B-SP), seja engavetado. Neste contexto, emergem duas leituras poss\u00edveis.<\/p>\n<p>Por um lado, o Congresso parece estar em busca de uma solu\u00e7\u00e3o que preserve a harmonia entre os Poderes e os interesses de diferentes atores da sociedade, reconhecendo a press\u00e3o do Judici\u00e1rio por uma regula\u00e7\u00e3o efetiva. Por outro, essa manobra pode ser interpretada como uma tentativa de prolongar a aus\u00eancia de uma regula\u00e7\u00e3o concreta, aumentando a press\u00e3o sobre o STF e prolongando o impasse regulat\u00f3rio.<\/p>\n<p>Embora o PL 2630, conforme apresentado pelo deputado Orlando Silva, represente a proposta mais concreta de regula\u00e7\u00e3o at\u00e9 o momento \u2013 e na nossa vis\u00e3o a melhor solu\u00e7\u00e3o \u2013, alguns pontos ainda careciam de ajustes, especialmente nos aspectos relacionados \u00e0 autoridade reguladora e \u00e0 imunidade parlamentar.<\/p>\n<p>Apesar disso, seu texto acumulou uma vasta gama de discuss\u00f5es e contribui\u00e7\u00f5es de especialistas e da sociedade civil, avan\u00e7ando em aspectos como transpar\u00eancia, presta\u00e7\u00e3o de contas e garantias procedimentais para o usu\u00e1rio. Trata-se, portanto, de um ponto de partida s\u00f3lido para a elabora\u00e7\u00e3o de uma legisla\u00e7\u00e3o mais abrangente e politicamente vi\u00e1vel.<\/p>\n<p>A disputa em torno da regula\u00e7\u00e3o das plataformas digitais no Brasil retrata a complexidade do equil\u00edbrio entre liberdade de express\u00e3o, responsabilidade das plataformas e os esfor\u00e7os para conter discursos prejudiciais online \u2013 e como tudo isso desenha uma complexa arena de disputa pol\u00edtica.<\/p>\n<p>\u00c0 medida que o debate avan\u00e7a, torna-se cada vez mais evidente que uma solu\u00e7\u00e3o Legislativa \u00e9 necess\u00e1ria, n\u00e3o apenas para resolver disputas atuais, mas tamb\u00e9m para estabelecer um marco regulat\u00f3rio que assegure a prote\u00e7\u00e3o dos direitos fundamentais em um cen\u00e1rio em que a esfera p\u00fablica \u00e9 cada vez mais influenciada por redes sociais e servi\u00e7os privados na internet.<\/p>\n<p>Ainda assim, se h\u00e1 urg\u00eancia para regular as plataformas, melhor seria partir de uma proposta que j\u00e1 foi alvo de longas delibera\u00e7\u00f5es e contribui\u00e7\u00f5es de toda a sociedade, em grande espectro ideol\u00f3gico. A no\u00e7\u00e3o de que um grupo de trabalho possa gerar um novo texto preocupa e introduz um novo grau de incerteza para o futuro da regula\u00e7\u00e3o de plataformas no nosso pa\u00eds.<\/p>","protected":false},"excerpt":{"rendered":"<p>Os coment\u00e1rios de Elon Musk sobre a atua\u00e7\u00e3o do Judici\u00e1rio no Brasil movimentaram a pauta de regula\u00e7\u00e3o de plataformas nesta semana, adicionando mais um cap\u00edtulo ao c\u00edrculo vicioso do debate, que se estende desde 2020. Apesar de ser um dos itens priorit\u00e1rios na agenda legislativa, a regula\u00e7\u00e3o de plataformas sempre foi permeada por uma sequ\u00eancia [&hellip;]<\/p>\n","protected":false},"author":0,"featured_media":0,"comment_status":"open","ping_status":"open","sticky":false,"template":"","format":"standard","meta":[],"categories":[1],"tags":[],"_links":{"self":[{"href":"https:\/\/aprimora.site\/carvalhoalmeidaadvogados\/wp-json\/wp\/v2\/posts\/6348"}],"collection":[{"href":"https:\/\/aprimora.site\/carvalhoalmeidaadvogados\/wp-json\/wp\/v2\/posts"}],"about":[{"href":"https:\/\/aprimora.site\/carvalhoalmeidaadvogados\/wp-json\/wp\/v2\/types\/post"}],"replies":[{"embeddable":true,"href":"https:\/\/aprimora.site\/carvalhoalmeidaadvogados\/wp-json\/wp\/v2\/comments?post=6348"}],"version-history":[{"count":0,"href":"https:\/\/aprimora.site\/carvalhoalmeidaadvogados\/wp-json\/wp\/v2\/posts\/6348\/revisions"}],"wp:attachment":[{"href":"https:\/\/aprimora.site\/carvalhoalmeidaadvogados\/wp-json\/wp\/v2\/media?parent=6348"}],"wp:term":[{"taxonomy":"category","embeddable":true,"href":"https:\/\/aprimora.site\/carvalhoalmeidaadvogados\/wp-json\/wp\/v2\/categories?post=6348"},{"taxonomy":"post_tag","embeddable":true,"href":"https:\/\/aprimora.site\/carvalhoalmeidaadvogados\/wp-json\/wp\/v2\/tags?post=6348"}],"curies":[{"name":"wp","href":"https:\/\/api.w.org\/{rel}","templated":true}]}}