{"id":6330,"date":"2024-04-10T20:27:32","date_gmt":"2024-04-10T23:27:32","guid":{"rendered":"https:\/\/aprimora.site\/carvalhoalmeidaadvogados\/2024\/04\/10\/trt-15-e-abergo-dialogam-sobre-acoes-conjuntas-em-defesa-do-meio-ambiente-seguranca-e-saude-do-trabalho\/"},"modified":"2024-04-10T20:27:32","modified_gmt":"2024-04-10T23:27:32","slug":"trt-15-e-abergo-dialogam-sobre-acoes-conjuntas-em-defesa-do-meio-ambiente-seguranca-e-saude-do-trabalho","status":"publish","type":"post","link":"https:\/\/aprimora.site\/carvalhoalmeidaadvogados\/2024\/04\/10\/trt-15-e-abergo-dialogam-sobre-acoes-conjuntas-em-defesa-do-meio-ambiente-seguranca-e-saude-do-trabalho\/","title":{"rendered":"TRT-15 e Abergo dialogam sobre a\u00e7\u00f5es conjuntas em defesa do meio ambiente, seguran\u00e7a e sa\u00fade do trabalho"},"content":{"rendered":"<p><span>TRT-15 e Abergo dialogam sobre a\u00e7\u00f5es conjuntas em defesa do meio ambiente, seguran\u00e7a e sa\u00fade do trabalho<\/span><\/p>\n<div>  <a href=\"https:\/\/trt15.jus.br\/noticia\/2024\/trt-15-e-abergo-dialogam-sobre-acoes-conjuntas-em-defesa-do-meio-ambiente-seguranca-e\"><\/a>\n<\/div>\n<p><span><span>anasiqueira<\/span><\/span><\/p>\n<p><span>Qua, 10\/04\/2024 &#8211; 17:27<\/span><\/p>\n<div>\n<div>TRT-15 e Abergo dialogam sobre a\u00e7\u00f5es conjuntas em defesa do meio ambiente, seguran\u00e7a e sa\u00fade do trabalho<\/div>\n<\/div>\n<div>\n<div class=\"visually-hidden\">Conte\u00fado da Not\u00edcia<\/div>\n<div>\n<p>O presidente do Tribunal Regional do Trabalho da 15\u00aa Regi\u00e3o, desembargador Samuel Hugo Lima, se reuniu na tarde desta quarta-feira, 10\/4, com o representante da Associa\u00e7\u00e3o Brasileira de Ergonomia (Abergo), Jo\u00e3o Carlos Vicheti, que \u00e9 fisioterapeuta do trabalho e perito judicial. Participaram tamb\u00e9m os gestores regionais do Programa Trabalho Seguro no TRT-15, desembargador Edmundo Fraga Lopes (2\u00ba grau de jurisdi\u00e7\u00e3o) e \u00a0Marina de Siqueira Ferreira Zerbinatti (1\u00ba grau de jurisdi\u00e7\u00e3o).<\/p>\n<p><em>#ParaTodosVerem: Dr. Samuel e demais participantes est\u00e3o sentados \u00e0 mesa, no gabinete da Presid\u00eancia<\/em><\/p>\n<p>No encontro foi discutida a possibilidade de estabelecer parceria entre o TRT-15 e a Abergo na implementa\u00e7\u00e3o de pol\u00edticas p\u00fablicas permanentes em defesa do meio ambiente, da seguran\u00e7a e da sa\u00fade no trabalho, ergonomia e fatores humanos. O termo de coopera\u00e7\u00e3o em estudo envolve ainda a promo\u00e7\u00e3o de pesquisas sobre causas e consequ\u00eancias dos acidentes de \u00a0trabalho, a fim de auxiliar na preven\u00e7\u00e3o e na redu\u00e7\u00e3o dos custos sociais, previdenci\u00e1rios e trabalhistas, al\u00e9m da realiza\u00e7\u00e3o de a\u00e7\u00f5es educativas e pedag\u00f3gicas.<\/p>\n<\/div><\/div>\n<div>\n<div>Unidade Respons\u00e1vel:<\/div>\n<div>Comunica\u00e7\u00e3o Social<\/div>\n<\/div>\n<div>Qua, 10\/04\/2024 &#8211; 17:27<\/div>\n<p>      <span class=\"a2a_kit a2a_kit_size_16 addtoany_list\"><a class=\"a2a_dd addtoany_share\" href=\"https:\/\/www.addtoany.com\/share#url=https%3A%2F%2Ftrt15.jus.br%2Fnoticia%2F2024%2Ftrt-15-e-abergo-dialogam-sobre-acoes-conjuntas-em-defesa-do-meio-ambiente-seguranca-e&amp;title=TRT-15%20e%20Abergo%20dialogam%20sobre%20a%C3%A7%C3%B5es%20conjuntas%20em%20defesa%20do%20meio%20ambiente%2C%20seguran%C3%A7a%20e%20sa%C3%BAde%20do%20trabalho\"><\/a><a class=\"a2a_button_whatsapp\"><\/a><a class=\"a2a_button_google_gmail\"><\/a><a class=\"a2a_button_twitter\"><\/a><a class=\"a2a_button_facebook\"><\/a><a class=\"a2a_button_linkedin\"><\/a><\/span><\/p>","protected":false},"excerpt":{"rendered":"<p>TRT-15 e Abergo dialogam sobre a\u00e7\u00f5es conjuntas em defesa do meio ambiente, seguran\u00e7a e sa\u00fade do trabalho anasiqueira Qua, 10\/04\/2024 &#8211; 17:27 TRT-15 e Abergo dialogam sobre a\u00e7\u00f5es conjuntas em defesa do meio ambiente, seguran\u00e7a e sa\u00fade do trabalho Conte\u00fado da Not\u00edcia O presidente do Tribunal Regional do Trabalho da 15\u00aa Regi\u00e3o, desembargador Samuel Hugo [&hellip;]<\/p>\n","protected":false},"author":0,"featured_media":6331,"comment_status":"open","ping_status":"open","sticky":false,"template":"","format":"standard","meta":[],"categories":[1],"tags":[],"_links":{"self":[{"href":"https:\/\/aprimora.site\/carvalhoalmeidaadvogados\/wp-json\/wp\/v2\/posts\/6330"}],"collection":[{"href":"https:\/\/aprimora.site\/carvalhoalmeidaadvogados\/wp-json\/wp\/v2\/posts"}],"about":[{"href":"https:\/\/aprimora.site\/carvalhoalmeidaadvogados\/wp-json\/wp\/v2\/types\/post"}],"replies":[{"embeddable":true,"href":"https:\/\/aprimora.site\/carvalhoalmeidaadvogados\/wp-json\/wp\/v2\/comments?post=6330"}],"version-history":[{"count":0,"href":"https:\/\/aprimora.site\/carvalhoalmeidaadvogados\/wp-json\/wp\/v2\/posts\/6330\/revisions"}],"wp:featuredmedia":[{"embeddable":true,"href":"https:\/\/aprimora.site\/carvalhoalmeidaadvogados\/wp-json\/wp\/v2\/media\/6331"}],"wp:attachment":[{"href":"https:\/\/aprimora.site\/carvalhoalmeidaadvogados\/wp-json\/wp\/v2\/media?parent=6330"}],"wp:term":[{"taxonomy":"category","embeddable":true,"href":"https:\/\/aprimora.site\/carvalhoalmeidaadvogados\/wp-json\/wp\/v2\/categories?post=6330"},{"taxonomy":"post_tag","embeddable":true,"href":"https:\/\/aprimora.site\/carvalhoalmeidaadvogados\/wp-json\/wp\/v2\/tags?post=6330"}],"curies":[{"name":"wp","href":"https:\/\/api.w.org\/{rel}","templated":true}]}}