{"id":6316,"date":"2024-04-11T05:31:44","date_gmt":"2024-04-11T08:31:44","guid":{"rendered":"https:\/\/aprimora.site\/carvalhoalmeidaadvogados\/2024\/04\/11\/prazo-para-pedido-principal-apos-efetivacao-da-tutela-cautelar-antecedente-e-contado-em-dias-uteis\/"},"modified":"2024-04-11T05:31:44","modified_gmt":"2024-04-11T08:31:44","slug":"prazo-para-pedido-principal-apos-efetivacao-da-tutela-cautelar-antecedente-e-contado-em-dias-uteis","status":"publish","type":"post","link":"https:\/\/aprimora.site\/carvalhoalmeidaadvogados\/2024\/04\/11\/prazo-para-pedido-principal-apos-efetivacao-da-tutela-cautelar-antecedente-e-contado-em-dias-uteis\/","title":{"rendered":"Prazo para pedido principal ap\u00f3s efetiva\u00e7\u00e3o da tutela cautelar antecedente \u00e9 contado em dias \u00fateis"},"content":{"rendered":"<p>Prazo para pedido principal ap\u00f3s efetiva\u00e7\u00e3o da tutela cautelar antecedente \u00e9 contado em dias \u00fateis<\/p>","protected":false},"excerpt":{"rendered":"<p>Prazo para pedido principal ap\u00f3s efetiva\u00e7\u00e3o da tutela cautelar antecedente \u00e9 contado em dias \u00fateis<\/p>\n","protected":false},"author":0,"featured_media":0,"comment_status":"open","ping_status":"open","sticky":false,"template":"","format":"standard","meta":[],"categories":[1],"tags":[],"_links":{"self":[{"href":"https:\/\/aprimora.site\/carvalhoalmeidaadvogados\/wp-json\/wp\/v2\/posts\/6316"}],"collection":[{"href":"https:\/\/aprimora.site\/carvalhoalmeidaadvogados\/wp-json\/wp\/v2\/posts"}],"about":[{"href":"https:\/\/aprimora.site\/carvalhoalmeidaadvogados\/wp-json\/wp\/v2\/types\/post"}],"replies":[{"embeddable":true,"href":"https:\/\/aprimora.site\/carvalhoalmeidaadvogados\/wp-json\/wp\/v2\/comments?post=6316"}],"version-history":[{"count":0,"href":"https:\/\/aprimora.site\/carvalhoalmeidaadvogados\/wp-json\/wp\/v2\/posts\/6316\/revisions"}],"wp:attachment":[{"href":"https:\/\/aprimora.site\/carvalhoalmeidaadvogados\/wp-json\/wp\/v2\/media?parent=6316"}],"wp:term":[{"taxonomy":"category","embeddable":true,"href":"https:\/\/aprimora.site\/carvalhoalmeidaadvogados\/wp-json\/wp\/v2\/categories?post=6316"},{"taxonomy":"post_tag","embeddable":true,"href":"https:\/\/aprimora.site\/carvalhoalmeidaadvogados\/wp-json\/wp\/v2\/tags?post=6316"}],"curies":[{"name":"wp","href":"https:\/\/api.w.org\/{rel}","templated":true}]}}