{"id":6238,"date":"2024-04-03T17:53:40","date_gmt":"2024-04-03T20:53:40","guid":{"rendered":"https:\/\/aprimora.site\/carvalhoalmeidaadvogados\/2024\/04\/03\/obras-lancadas-no-stj-analisam-a-situacao-dos-refugiados-e-os-julgamentos-colegiados-nos-tribunais\/"},"modified":"2024-04-03T17:53:40","modified_gmt":"2024-04-03T20:53:40","slug":"obras-lancadas-no-stj-analisam-a-situacao-dos-refugiados-e-os-julgamentos-colegiados-nos-tribunais","status":"publish","type":"post","link":"https:\/\/aprimora.site\/carvalhoalmeidaadvogados\/2024\/04\/03\/obras-lancadas-no-stj-analisam-a-situacao-dos-refugiados-e-os-julgamentos-colegiados-nos-tribunais\/","title":{"rendered":"Obras lan\u00e7adas no STJ analisam a situa\u00e7\u00e3o dos refugiados e os julgamentos colegiados nos tribunais"},"content":{"rendered":"<p>Obras lan\u00e7adas no STJ analisam a situa\u00e7\u00e3o dos refugiados e os julgamentos colegiados nos tribunais<\/p>","protected":false},"excerpt":{"rendered":"<p>Obras lan\u00e7adas no STJ analisam a situa\u00e7\u00e3o dos refugiados e os julgamentos colegiados nos tribunais<\/p>\n","protected":false},"author":0,"featured_media":0,"comment_status":"open","ping_status":"open","sticky":false,"template":"","format":"standard","meta":[],"categories":[1],"tags":[],"_links":{"self":[{"href":"https:\/\/aprimora.site\/carvalhoalmeidaadvogados\/wp-json\/wp\/v2\/posts\/6238"}],"collection":[{"href":"https:\/\/aprimora.site\/carvalhoalmeidaadvogados\/wp-json\/wp\/v2\/posts"}],"about":[{"href":"https:\/\/aprimora.site\/carvalhoalmeidaadvogados\/wp-json\/wp\/v2\/types\/post"}],"replies":[{"embeddable":true,"href":"https:\/\/aprimora.site\/carvalhoalmeidaadvogados\/wp-json\/wp\/v2\/comments?post=6238"}],"version-history":[{"count":0,"href":"https:\/\/aprimora.site\/carvalhoalmeidaadvogados\/wp-json\/wp\/v2\/posts\/6238\/revisions"}],"wp:attachment":[{"href":"https:\/\/aprimora.site\/carvalhoalmeidaadvogados\/wp-json\/wp\/v2\/media?parent=6238"}],"wp:term":[{"taxonomy":"category","embeddable":true,"href":"https:\/\/aprimora.site\/carvalhoalmeidaadvogados\/wp-json\/wp\/v2\/categories?post=6238"},{"taxonomy":"post_tag","embeddable":true,"href":"https:\/\/aprimora.site\/carvalhoalmeidaadvogados\/wp-json\/wp\/v2\/tags?post=6238"}],"curies":[{"name":"wp","href":"https:\/\/api.w.org\/{rel}","templated":true}]}}