{"id":6228,"date":"2024-04-03T17:53:38","date_gmt":"2024-04-03T20:53:38","guid":{"rendered":"https:\/\/aprimora.site\/carvalhoalmeidaadvogados\/2024\/04\/03\/sistema-de-precedentes-e-o-tst\/"},"modified":"2024-04-03T17:53:38","modified_gmt":"2024-04-03T20:53:38","slug":"sistema-de-precedentes-e-o-tst","status":"publish","type":"post","link":"https:\/\/aprimora.site\/carvalhoalmeidaadvogados\/2024\/04\/03\/sistema-de-precedentes-e-o-tst\/","title":{"rendered":"Sistema de precedentes e o TST"},"content":{"rendered":"<p><span>A din\u00e2mica do ambiente jur\u00eddico tem sido moldada por uma crescente import\u00e2ncia atribu\u00edda aos precedentes, especialmente \u00e0s decis\u00f5es de repercuss\u00e3o geral emanadas pelo Supremo Tribunal Federal (<a href=\"https:\/\/www.jota.info\/stf\">STF<\/a>). Este fen\u00f4meno, impulsionado pelo C\u00f3digo de Processo Civil de 2015 e potencializado pela evolu\u00e7\u00e3o tecnol\u00f3gica, demanda uma abordagem flex\u00edvel que n\u00e3o se prenda meramente aos formalismos processuais, mas que priorize a aplica\u00e7\u00e3o efetiva do direito, especialmente no contexto empresarial.<\/span><\/p>\n<p><a><\/a> <span>Um exemplo claro dessa mudan\u00e7a \u00e9 a recente atua\u00e7\u00e3o do STF na constitucionalidade das rela\u00e7\u00f5es de trabalho al\u00e9m das disposi\u00e7\u00f5es da CLT. No entanto, essa evolu\u00e7\u00e3o requer adapta\u00e7\u00f5es na resolu\u00e7\u00e3o de conflitos, onde os requisitos processuais n\u00e3o devem ser obst\u00e1culos \u00e0 justi\u00e7a. As leis, particularmente as processuais, devem servir como instrumentos para efetivar o direito material, n\u00e3o como entraves a ele. <\/span><\/p>\n<p><span>A consequ\u00eancia da n\u00e3o observ\u00e2ncia dessa sistem\u00e1tica \u00e9 se ter pessoas e empresas com decis\u00f5es diametralmente opostas em processos com a mesma mat\u00e9ria de fundo. Uma empresa pode estar proibida de terceirizar servi\u00e7os porque o seu recurso n\u00e3o foi admitido no Tribunal Superior do Trabalho (<a href=\"https:\/\/www.jota.info\/tudo-sobre\/tst\">TST<\/a>), por exemplo, e outra do mesmo ramo de atua\u00e7\u00e3o, permitida, mesmo j\u00e1 tendo decidido com aplica\u00e7\u00e3o geral que essa pr\u00e1tica \u00e9 legal.<\/span><\/p>\n<p><span>Um outro exemplo que se tornou bastante comum s\u00e3o os processos com pedido de v\u00ednculo de emprego. Raramente se consegue uma decis\u00e3o de m\u00e9rito no TST, porque os obst\u00e1culos processuais s\u00e3o praticamente intranspon\u00edveis. A despeito das centenas de decis\u00f5es do Supremo cassando decis\u00f5es que concedem o pedido do prestador de servi\u00e7o, a Corte Trabalhista ainda \u00e9 t\u00edmida em aplicar o direito material de reg\u00eancia.<\/span><\/p>\n<p><span>\u00c9 fundamental considerar a necessidade de flexibiliza\u00e7\u00e3o dos requisitos processuais para aplica\u00e7\u00e3o de precedentes jur\u00eddicos qualificados, especialmente no Recurso de Revista, e analisar a evolu\u00e7\u00e3o jurisprudencial nesse sentido no TST.<\/span><\/p>\n<p><span>O Recurso de Revista, como mecanismo de uniformiza\u00e7\u00e3o da interpreta\u00e7\u00e3o jur\u00eddica, representa a ess\u00eancia da atua\u00e7\u00e3o do Tribunal Superior do Trabalho. Sua natureza extraordin\u00e1ria visa corrigir decis\u00f5es e garantir a uniformidade interpretativa das leis trabalhistas em todo o pa\u00eds. Entretanto, a excessiva tecnicidade desse recurso muitas vezes dificulta a an\u00e1lise de casos n\u00e3o pacificados em preju\u00edzo das mat\u00e9rias j\u00e1 decididas pelo STF que deveriam ser aplicadas em todos os processos.<\/span><\/p>\n<p><span>O direito brasileiro, historicamente fundamentado no positivismo, tem evolu\u00eddo para um sistema misto que valoriza os precedentes como ferramenta para a estabiliza\u00e7\u00e3o das decis\u00f5es judiciais. A Repercuss\u00e3o Geral, instituto pelo qual o STF analisa temas relevantes e norteia a aplica\u00e7\u00e3o do direito, ganha destaque nesse contexto. Ao afetar temas como representativos de controv\u00e9rsia, os tribunais superiores prop\u00f5em solu\u00e7\u00f5es uniformes que servem de base para decis\u00f5es futuras.<\/span><\/p>\n<p><span>O STF, ao aplicar a sistem\u00e1tica da repercuss\u00e3o geral, tem priorizado a ess\u00eancia das quest\u00f5es em detrimento de formalismos processuais. Esta abordagem foi observada em v\u00e1rias reclama\u00e7\u00f5es constitucionais, em que o STF superou obst\u00e1culos processuais para aplicar teses j\u00e1 pacificadas.<\/span><\/p>\n<p><span>Apesar de alguma resist\u00eancia da Justi\u00e7a do Trabalho, que teme a \u201cordinariza\u00e7\u00e3o\u201d do Recurso de Revista, essa flexibiliza\u00e7\u00e3o dos pressupostos tem sido observada ainda timidamente em temas de repercuss\u00e3o geral do STF, geralmente decorrentes de reclama\u00e7\u00f5es constitucionais.<\/span><\/p>\n<p><span>A flexibiliza\u00e7\u00e3o dos requisitos processuais reflete a racionalidade do sistema jur\u00eddico. \u00c9 crucial que tais obst\u00e1culos n\u00e3o impe\u00e7am a aplica\u00e7\u00e3o de precedentes qualificados, pois isso afeta diretamente a seguran\u00e7a jur\u00eddica e a competitividade das empresas. No final das contas, o processo deve ser visto como um instrumento para a paz social, especialmente no direito do trabalho, onde a seguran\u00e7a jur\u00eddica \u00e9 fundamental para a justi\u00e7a social.<\/span><\/p>","protected":false},"excerpt":{"rendered":"<p>A din\u00e2mica do ambiente jur\u00eddico tem sido moldada por uma crescente import\u00e2ncia atribu\u00edda aos precedentes, especialmente \u00e0s decis\u00f5es de repercuss\u00e3o geral emanadas pelo Supremo Tribunal Federal (STF). Este fen\u00f4meno, impulsionado pelo C\u00f3digo de Processo Civil de 2015 e potencializado pela evolu\u00e7\u00e3o tecnol\u00f3gica, demanda uma abordagem flex\u00edvel que n\u00e3o se prenda meramente aos formalismos processuais, mas [&hellip;]<\/p>\n","protected":false},"author":0,"featured_media":0,"comment_status":"open","ping_status":"open","sticky":false,"template":"","format":"standard","meta":[],"categories":[1],"tags":[],"_links":{"self":[{"href":"https:\/\/aprimora.site\/carvalhoalmeidaadvogados\/wp-json\/wp\/v2\/posts\/6228"}],"collection":[{"href":"https:\/\/aprimora.site\/carvalhoalmeidaadvogados\/wp-json\/wp\/v2\/posts"}],"about":[{"href":"https:\/\/aprimora.site\/carvalhoalmeidaadvogados\/wp-json\/wp\/v2\/types\/post"}],"replies":[{"embeddable":true,"href":"https:\/\/aprimora.site\/carvalhoalmeidaadvogados\/wp-json\/wp\/v2\/comments?post=6228"}],"version-history":[{"count":0,"href":"https:\/\/aprimora.site\/carvalhoalmeidaadvogados\/wp-json\/wp\/v2\/posts\/6228\/revisions"}],"wp:attachment":[{"href":"https:\/\/aprimora.site\/carvalhoalmeidaadvogados\/wp-json\/wp\/v2\/media?parent=6228"}],"wp:term":[{"taxonomy":"category","embeddable":true,"href":"https:\/\/aprimora.site\/carvalhoalmeidaadvogados\/wp-json\/wp\/v2\/categories?post=6228"},{"taxonomy":"post_tag","embeddable":true,"href":"https:\/\/aprimora.site\/carvalhoalmeidaadvogados\/wp-json\/wp\/v2\/tags?post=6228"}],"curies":[{"name":"wp","href":"https:\/\/api.w.org\/{rel}","templated":true}]}}