{"id":6218,"date":"2024-04-03T17:53:37","date_gmt":"2024-04-03T20:53:37","guid":{"rendered":"https:\/\/aprimora.site\/carvalhoalmeidaadvogados\/2024\/04\/03\/barroso-libera-julgamento-e-stf-voltara-a-discutir-regras-do-foro-privilegiado-em-12-4\/"},"modified":"2024-04-03T17:53:37","modified_gmt":"2024-04-03T20:53:37","slug":"barroso-libera-julgamento-e-stf-voltara-a-discutir-regras-do-foro-privilegiado-em-12-4","status":"publish","type":"post","link":"https:\/\/aprimora.site\/carvalhoalmeidaadvogados\/2024\/04\/03\/barroso-libera-julgamento-e-stf-voltara-a-discutir-regras-do-foro-privilegiado-em-12-4\/","title":{"rendered":"Barroso libera julgamento, e STF voltar\u00e1 a discutir regras do foro privilegiado em 12\/4"},"content":{"rendered":"<p>O\u00a0<a href=\"https:\/\/www.jota.info\/tudo-sobre\/stf\">Supremo Tribunal Federal<\/a> (STF) retomar\u00e1 em12 de abril o julgamento sobre o alcance do foro por prerrogativa de fun\u00e7\u00e3o, conhecido como foro privilegiado. A discuss\u00e3o ocorre no \u00e2mbito do <a href=\"https:\/\/portal.stf.jus.br\/processos\/detalhe.asp?incidente=5696197\">INQ 4.787<\/a> e do <a href=\"https:\/\/portal.stf.jus.br\/processos\/detalhe.asp?incidente=6742436\">HC 232.627<\/a>. A <a href=\"https:\/\/www.jota.info\/stf\/do-supremo\/apos-6-anos-stf-volta-nesta-sexta-29-3-a-discutir-alcance-do-foro-privilegiado-28032024\">Corte iniciou o julgamento de dois processos que retomam o tema: o habeas corpus do senador Zequinha Marinho (Podemos-PA) e o inqu\u00e9rito da ex-senadora Rose de Freitas<\/a>.<\/p>\n<p>Os dois julgamentos foram interrompidos na \u00faltima sexta-feira (29\/3) por um pedido de vista feito pelo presidente do Tribunal, <a href=\"https:\/\/www.jota.info\/tudo-sobre\/luis-roberto-barroso\">Lu\u00eds Roberto Barroso<\/a>. No entanto, os ministros podem depositar os votos antecipadamente at\u00e9 o dia 8 de abril \u2013 data prevista para encerrar o julgamento virtual.<\/p>\n<p>At\u00e9 o momento, cinco dos 11 ministros j\u00e1 se manifestaram e, portanto, falta um voto para que a posi\u00e7\u00e3o do ministro\u00a0<a href=\"https:\/\/www.jota.info\/tudo-sobre\/gilmar-mendes\">Gilmar Mendes<\/a> seja seguida pela maioria, mudando assim o atual precedente da Corte sobre o assunto.<\/p>\n<p>Caso prevale\u00e7a o voto do decano, especialistas consultados pelo <strong><span class=\"jota\"><span class=\"jota\">JOTA<\/span><\/span><\/strong>\u00a0indicam que o julgamento de\u00a0<a href=\"https:\/\/www.jota.info\/tudo-sobre\/jair-bolsonaro\">Jair Bolsonaro<\/a>\u00a0deve ocorrer no Supremo. Mas o caso do assassinato da vereadora\u00a0<a href=\"https:\/\/www.jota.info\/tudo-sobre\/marielle-franco\">Marielle Franco<\/a>\u00a0e do motorista Anderson Gomes deve voltar para o Superior Tribunal de Justi\u00e7a (<a href=\"https:\/\/www.jota.info\/tudo-sobre\/stj\">STJ<\/a>) por conta do foro de Domingos Braz\u00e3o, atual conselheiro do Tribunal de Contas do Estado do Rio de Janeiro \u2013 h\u00e1 uma corrente que defende que, mesmo pelos crit\u00e9rios atuais, o Chiquinho Braz\u00e3o n\u00e3o deveria ter foro no STF pelo homic\u00eddio.<\/p>\n<p>A jurisprud\u00eancia atual foi constru\u00edda em uma quest\u00e3o de ordem na A\u00e7\u00e3o Penal 937, em 2018, envolvendo o pol\u00edtico Marquinhos Mendes. Na \u00e9poca, o Supremo limitou a prerrogativa de foro por fun\u00e7\u00e3o para crimes praticados no cargo e em raz\u00e3o do cargo e saiu vitoriosa a tese de Barroso.<\/p>\n<h3>Direito ao foro privilegiado<\/h3>\n<p>O Supremo \u00e9 respons\u00e1vel por julgar crimes comuns de presidente, vice-presidente, ministros, senadores, deputados federais, embaixadores, integrantes dos tribunais superiores e membros do Tribunal de Contas da Uni\u00e3o.<\/p>\n<p>Em 2018, o STF decidiu que o foro por prerrogativa conferido aos deputados federais e senadores se aplica apenas a crimes cometidos no exerc\u00edcio do cargo e em raz\u00e3o das fun\u00e7\u00f5es a ele relacionadas. Atualmente, o entendimento da Corte \u00e9 que o encerramento do mandato parlamentar implica na remessa do processo para a primeira inst\u00e2ncia.<\/p>","protected":false},"excerpt":{"rendered":"<p>O\u00a0Supremo Tribunal Federal (STF) retomar\u00e1 em12 de abril o julgamento sobre o alcance do foro por prerrogativa de fun\u00e7\u00e3o, conhecido como foro privilegiado. A discuss\u00e3o ocorre no \u00e2mbito do INQ 4.787 e do HC 232.627. A Corte iniciou o julgamento de dois processos que retomam o tema: o habeas corpus do senador Zequinha Marinho (Podemos-PA) [&hellip;]<\/p>\n","protected":false},"author":0,"featured_media":0,"comment_status":"open","ping_status":"open","sticky":false,"template":"","format":"standard","meta":[],"categories":[1],"tags":[],"_links":{"self":[{"href":"https:\/\/aprimora.site\/carvalhoalmeidaadvogados\/wp-json\/wp\/v2\/posts\/6218"}],"collection":[{"href":"https:\/\/aprimora.site\/carvalhoalmeidaadvogados\/wp-json\/wp\/v2\/posts"}],"about":[{"href":"https:\/\/aprimora.site\/carvalhoalmeidaadvogados\/wp-json\/wp\/v2\/types\/post"}],"replies":[{"embeddable":true,"href":"https:\/\/aprimora.site\/carvalhoalmeidaadvogados\/wp-json\/wp\/v2\/comments?post=6218"}],"version-history":[{"count":0,"href":"https:\/\/aprimora.site\/carvalhoalmeidaadvogados\/wp-json\/wp\/v2\/posts\/6218\/revisions"}],"wp:attachment":[{"href":"https:\/\/aprimora.site\/carvalhoalmeidaadvogados\/wp-json\/wp\/v2\/media?parent=6218"}],"wp:term":[{"taxonomy":"category","embeddable":true,"href":"https:\/\/aprimora.site\/carvalhoalmeidaadvogados\/wp-json\/wp\/v2\/categories?post=6218"},{"taxonomy":"post_tag","embeddable":true,"href":"https:\/\/aprimora.site\/carvalhoalmeidaadvogados\/wp-json\/wp\/v2\/tags?post=6218"}],"curies":[{"name":"wp","href":"https:\/\/api.w.org\/{rel}","templated":true}]}}