{"id":6175,"date":"2024-03-22T04:34:36","date_gmt":"2024-03-22T07:34:36","guid":{"rendered":"https:\/\/aprimora.site\/carvalhoalmeidaadvogados\/2024\/03\/22\/em-caso-de-duvida-prova-do-consentimento-do-morador-para-entrar-na-residencia-e-responsabilidade-do-estado\/"},"modified":"2024-03-22T04:34:36","modified_gmt":"2024-03-22T07:34:36","slug":"em-caso-de-duvida-prova-do-consentimento-do-morador-para-entrar-na-residencia-e-responsabilidade-do-estado","status":"publish","type":"post","link":"https:\/\/aprimora.site\/carvalhoalmeidaadvogados\/2024\/03\/22\/em-caso-de-duvida-prova-do-consentimento-do-morador-para-entrar-na-residencia-e-responsabilidade-do-estado\/","title":{"rendered":"Em caso de d\u00favida, prova do consentimento do morador para entrar na resid\u00eancia \u00e9 responsabilidade do Estado"},"content":{"rendered":"<p>Em caso de d\u00favida, prova do consentimento do morador para entrar na resid\u00eancia \u00e9 responsabilidade do Estado<\/p>","protected":false},"excerpt":{"rendered":"<p>Em caso de d\u00favida, prova do consentimento do morador para entrar na resid\u00eancia \u00e9 responsabilidade do Estado<\/p>\n","protected":false},"author":0,"featured_media":0,"comment_status":"open","ping_status":"open","sticky":false,"template":"","format":"standard","meta":[],"categories":[1],"tags":[],"_links":{"self":[{"href":"https:\/\/aprimora.site\/carvalhoalmeidaadvogados\/wp-json\/wp\/v2\/posts\/6175"}],"collection":[{"href":"https:\/\/aprimora.site\/carvalhoalmeidaadvogados\/wp-json\/wp\/v2\/posts"}],"about":[{"href":"https:\/\/aprimora.site\/carvalhoalmeidaadvogados\/wp-json\/wp\/v2\/types\/post"}],"replies":[{"embeddable":true,"href":"https:\/\/aprimora.site\/carvalhoalmeidaadvogados\/wp-json\/wp\/v2\/comments?post=6175"}],"version-history":[{"count":0,"href":"https:\/\/aprimora.site\/carvalhoalmeidaadvogados\/wp-json\/wp\/v2\/posts\/6175\/revisions"}],"wp:attachment":[{"href":"https:\/\/aprimora.site\/carvalhoalmeidaadvogados\/wp-json\/wp\/v2\/media?parent=6175"}],"wp:term":[{"taxonomy":"category","embeddable":true,"href":"https:\/\/aprimora.site\/carvalhoalmeidaadvogados\/wp-json\/wp\/v2\/categories?post=6175"},{"taxonomy":"post_tag","embeddable":true,"href":"https:\/\/aprimora.site\/carvalhoalmeidaadvogados\/wp-json\/wp\/v2\/tags?post=6175"}],"curies":[{"name":"wp","href":"https:\/\/api.w.org\/{rel}","templated":true}]}}