{"id":6164,"date":"2024-03-22T04:34:36","date_gmt":"2024-03-22T07:34:36","guid":{"rendered":"https:\/\/aprimora.site\/carvalhoalmeidaadvogados\/2024\/03\/22\/stj-recebe-lancamento-de-livros-sobre-direitos-dos-refugiados-e-deliberacao-judicial-e-colegialidade\/"},"modified":"2024-03-22T04:34:36","modified_gmt":"2024-03-22T07:34:36","slug":"stj-recebe-lancamento-de-livros-sobre-direitos-dos-refugiados-e-deliberacao-judicial-e-colegialidade","status":"publish","type":"post","link":"https:\/\/aprimora.site\/carvalhoalmeidaadvogados\/2024\/03\/22\/stj-recebe-lancamento-de-livros-sobre-direitos-dos-refugiados-e-deliberacao-judicial-e-colegialidade\/","title":{"rendered":"STJ recebe lan\u00e7amento de livros sobre direitos dos refugiados e delibera\u00e7\u00e3o judicial e colegialidade"},"content":{"rendered":"<p>STJ recebe lan\u00e7amento de livros sobre direitos dos refugiados e delibera\u00e7\u00e3o judicial e colegialidade<\/p>","protected":false},"excerpt":{"rendered":"<p>STJ recebe lan\u00e7amento de livros sobre direitos dos refugiados e delibera\u00e7\u00e3o judicial e colegialidade<\/p>\n","protected":false},"author":0,"featured_media":0,"comment_status":"open","ping_status":"open","sticky":false,"template":"","format":"standard","meta":[],"categories":[1],"tags":[],"_links":{"self":[{"href":"https:\/\/aprimora.site\/carvalhoalmeidaadvogados\/wp-json\/wp\/v2\/posts\/6164"}],"collection":[{"href":"https:\/\/aprimora.site\/carvalhoalmeidaadvogados\/wp-json\/wp\/v2\/posts"}],"about":[{"href":"https:\/\/aprimora.site\/carvalhoalmeidaadvogados\/wp-json\/wp\/v2\/types\/post"}],"replies":[{"embeddable":true,"href":"https:\/\/aprimora.site\/carvalhoalmeidaadvogados\/wp-json\/wp\/v2\/comments?post=6164"}],"version-history":[{"count":0,"href":"https:\/\/aprimora.site\/carvalhoalmeidaadvogados\/wp-json\/wp\/v2\/posts\/6164\/revisions"}],"wp:attachment":[{"href":"https:\/\/aprimora.site\/carvalhoalmeidaadvogados\/wp-json\/wp\/v2\/media?parent=6164"}],"wp:term":[{"taxonomy":"category","embeddable":true,"href":"https:\/\/aprimora.site\/carvalhoalmeidaadvogados\/wp-json\/wp\/v2\/categories?post=6164"},{"taxonomy":"post_tag","embeddable":true,"href":"https:\/\/aprimora.site\/carvalhoalmeidaadvogados\/wp-json\/wp\/v2\/tags?post=6164"}],"curies":[{"name":"wp","href":"https:\/\/api.w.org\/{rel}","templated":true}]}}