{"id":6104,"date":"2024-03-15T04:25:25","date_gmt":"2024-03-15T07:25:25","guid":{"rendered":"https:\/\/aprimora.site\/carvalhoalmeidaadvogados\/2024\/03\/15\/espaco-cultural-stj-sedia-nesta-terca-feira-12-o-lancamento-de-livros-sobre-arbitragem-seguro-e-processo-civil\/"},"modified":"2024-03-15T04:25:25","modified_gmt":"2024-03-15T07:25:25","slug":"espaco-cultural-stj-sedia-nesta-terca-feira-12-o-lancamento-de-livros-sobre-arbitragem-seguro-e-processo-civil","status":"publish","type":"post","link":"https:\/\/aprimora.site\/carvalhoalmeidaadvogados\/2024\/03\/15\/espaco-cultural-stj-sedia-nesta-terca-feira-12-o-lancamento-de-livros-sobre-arbitragem-seguro-e-processo-civil\/","title":{"rendered":"Espa\u00e7o Cultural STJ sedia, nesta ter\u00e7a-feira (12), o lan\u00e7amento de livros sobre arbitragem, seguro e processo civil"},"content":{"rendered":"<p>Espa\u00e7o Cultural STJ sedia, nesta ter\u00e7a-feira (12), o lan\u00e7amento de livros sobre arbitragem, seguro e processo civil<\/p>","protected":false},"excerpt":{"rendered":"<p>Espa\u00e7o Cultural STJ sedia, nesta ter\u00e7a-feira (12), o lan\u00e7amento de livros sobre arbitragem, seguro e processo civil<\/p>\n","protected":false},"author":0,"featured_media":0,"comment_status":"open","ping_status":"open","sticky":false,"template":"","format":"standard","meta":[],"categories":[1],"tags":[],"_links":{"self":[{"href":"https:\/\/aprimora.site\/carvalhoalmeidaadvogados\/wp-json\/wp\/v2\/posts\/6104"}],"collection":[{"href":"https:\/\/aprimora.site\/carvalhoalmeidaadvogados\/wp-json\/wp\/v2\/posts"}],"about":[{"href":"https:\/\/aprimora.site\/carvalhoalmeidaadvogados\/wp-json\/wp\/v2\/types\/post"}],"replies":[{"embeddable":true,"href":"https:\/\/aprimora.site\/carvalhoalmeidaadvogados\/wp-json\/wp\/v2\/comments?post=6104"}],"version-history":[{"count":0,"href":"https:\/\/aprimora.site\/carvalhoalmeidaadvogados\/wp-json\/wp\/v2\/posts\/6104\/revisions"}],"wp:attachment":[{"href":"https:\/\/aprimora.site\/carvalhoalmeidaadvogados\/wp-json\/wp\/v2\/media?parent=6104"}],"wp:term":[{"taxonomy":"category","embeddable":true,"href":"https:\/\/aprimora.site\/carvalhoalmeidaadvogados\/wp-json\/wp\/v2\/categories?post=6104"},{"taxonomy":"post_tag","embeddable":true,"href":"https:\/\/aprimora.site\/carvalhoalmeidaadvogados\/wp-json\/wp\/v2\/tags?post=6104"}],"curies":[{"name":"wp","href":"https:\/\/api.w.org\/{rel}","templated":true}]}}