{"id":6094,"date":"2024-03-15T04:25:25","date_gmt":"2024-03-15T07:25:25","guid":{"rendered":"https:\/\/aprimora.site\/carvalhoalmeidaadvogados\/2024\/03\/15\/podcast-radio-decidendi-ministro-sergio-kukina-fala-sobre-repercussao-geral-relevancia-da-questao-federal-e-dialogos-entre-cortes-supremas\/"},"modified":"2024-03-15T04:25:25","modified_gmt":"2024-03-15T07:25:25","slug":"podcast-radio-decidendi-ministro-sergio-kukina-fala-sobre-repercussao-geral-relevancia-da-questao-federal-e-dialogos-entre-cortes-supremas","status":"publish","type":"post","link":"https:\/\/aprimora.site\/carvalhoalmeidaadvogados\/2024\/03\/15\/podcast-radio-decidendi-ministro-sergio-kukina-fala-sobre-repercussao-geral-relevancia-da-questao-federal-e-dialogos-entre-cortes-supremas\/","title":{"rendered":"Podcast R\u00e1dio Decidendi: ministro S\u00e9rgio Kukina fala sobre repercuss\u00e3o geral, relev\u00e2ncia da quest\u00e3o federal e di\u00e1logos entre cortes supremas"},"content":{"rendered":"<p>Podcast R\u00e1dio Decidendi: ministro S\u00e9rgio Kukina fala sobre repercuss\u00e3o geral, relev\u00e2ncia da quest\u00e3o federal e di\u00e1logos entre cortes supremas<\/p>","protected":false},"excerpt":{"rendered":"<p>Podcast R\u00e1dio Decidendi: ministro S\u00e9rgio Kukina fala sobre repercuss\u00e3o geral, relev\u00e2ncia da quest\u00e3o federal e di\u00e1logos entre cortes supremas<\/p>\n","protected":false},"author":0,"featured_media":0,"comment_status":"open","ping_status":"open","sticky":false,"template":"","format":"standard","meta":[],"categories":[1],"tags":[],"_links":{"self":[{"href":"https:\/\/aprimora.site\/carvalhoalmeidaadvogados\/wp-json\/wp\/v2\/posts\/6094"}],"collection":[{"href":"https:\/\/aprimora.site\/carvalhoalmeidaadvogados\/wp-json\/wp\/v2\/posts"}],"about":[{"href":"https:\/\/aprimora.site\/carvalhoalmeidaadvogados\/wp-json\/wp\/v2\/types\/post"}],"replies":[{"embeddable":true,"href":"https:\/\/aprimora.site\/carvalhoalmeidaadvogados\/wp-json\/wp\/v2\/comments?post=6094"}],"version-history":[{"count":0,"href":"https:\/\/aprimora.site\/carvalhoalmeidaadvogados\/wp-json\/wp\/v2\/posts\/6094\/revisions"}],"wp:attachment":[{"href":"https:\/\/aprimora.site\/carvalhoalmeidaadvogados\/wp-json\/wp\/v2\/media?parent=6094"}],"wp:term":[{"taxonomy":"category","embeddable":true,"href":"https:\/\/aprimora.site\/carvalhoalmeidaadvogados\/wp-json\/wp\/v2\/categories?post=6094"},{"taxonomy":"post_tag","embeddable":true,"href":"https:\/\/aprimora.site\/carvalhoalmeidaadvogados\/wp-json\/wp\/v2\/tags?post=6094"}],"curies":[{"name":"wp","href":"https:\/\/api.w.org\/{rel}","templated":true}]}}