{"id":6093,"date":"2024-03-15T04:25:25","date_gmt":"2024-03-15T07:25:25","guid":{"rendered":"https:\/\/aprimora.site\/carvalhoalmeidaadvogados\/2024\/03\/15\/stj-julga-homologacao-de-sentenca-contra-robinho-nesta-quarta-20-veja-informacoes-sobre-credenciamento-da-imprensa\/"},"modified":"2024-03-15T04:25:25","modified_gmt":"2024-03-15T07:25:25","slug":"stj-julga-homologacao-de-sentenca-contra-robinho-nesta-quarta-20-veja-informacoes-sobre-credenciamento-da-imprensa","status":"publish","type":"post","link":"https:\/\/aprimora.site\/carvalhoalmeidaadvogados\/2024\/03\/15\/stj-julga-homologacao-de-sentenca-contra-robinho-nesta-quarta-20-veja-informacoes-sobre-credenciamento-da-imprensa\/","title":{"rendered":"STJ julga homologa\u00e7\u00e3o de senten\u00e7a contra Robinho nesta quarta (20); veja informa\u00e7\u00f5es sobre credenciamento da imprensa"},"content":{"rendered":"<p>STJ julga homologa\u00e7\u00e3o de senten\u00e7a contra Robinho nesta quarta (20); veja informa\u00e7\u00f5es sobre credenciamento da imprensa<\/p>","protected":false},"excerpt":{"rendered":"<p>STJ julga homologa\u00e7\u00e3o de senten\u00e7a contra Robinho nesta quarta (20); veja informa\u00e7\u00f5es sobre credenciamento da imprensa<\/p>\n","protected":false},"author":0,"featured_media":0,"comment_status":"open","ping_status":"open","sticky":false,"template":"","format":"standard","meta":[],"categories":[1],"tags":[],"_links":{"self":[{"href":"https:\/\/aprimora.site\/carvalhoalmeidaadvogados\/wp-json\/wp\/v2\/posts\/6093"}],"collection":[{"href":"https:\/\/aprimora.site\/carvalhoalmeidaadvogados\/wp-json\/wp\/v2\/posts"}],"about":[{"href":"https:\/\/aprimora.site\/carvalhoalmeidaadvogados\/wp-json\/wp\/v2\/types\/post"}],"replies":[{"embeddable":true,"href":"https:\/\/aprimora.site\/carvalhoalmeidaadvogados\/wp-json\/wp\/v2\/comments?post=6093"}],"version-history":[{"count":0,"href":"https:\/\/aprimora.site\/carvalhoalmeidaadvogados\/wp-json\/wp\/v2\/posts\/6093\/revisions"}],"wp:attachment":[{"href":"https:\/\/aprimora.site\/carvalhoalmeidaadvogados\/wp-json\/wp\/v2\/media?parent=6093"}],"wp:term":[{"taxonomy":"category","embeddable":true,"href":"https:\/\/aprimora.site\/carvalhoalmeidaadvogados\/wp-json\/wp\/v2\/categories?post=6093"},{"taxonomy":"post_tag","embeddable":true,"href":"https:\/\/aprimora.site\/carvalhoalmeidaadvogados\/wp-json\/wp\/v2\/tags?post=6093"}],"curies":[{"name":"wp","href":"https:\/\/api.w.org\/{rel}","templated":true}]}}