{"id":6053,"date":"2024-03-08T04:15:06","date_gmt":"2024-03-08T07:15:06","guid":{"rendered":"https:\/\/aprimora.site\/carvalhoalmeidaadvogados\/2024\/03\/08\/lancamento-da-21a-edicao-do-premio-innovare-comeca-as-11h-com-transmissao-ao-vivo\/"},"modified":"2024-03-08T04:15:06","modified_gmt":"2024-03-08T07:15:06","slug":"lancamento-da-21a-edicao-do-premio-innovare-comeca-as-11h-com-transmissao-ao-vivo","status":"publish","type":"post","link":"https:\/\/aprimora.site\/carvalhoalmeidaadvogados\/2024\/03\/08\/lancamento-da-21a-edicao-do-premio-innovare-comeca-as-11h-com-transmissao-ao-vivo\/","title":{"rendered":"Lan\u00e7amento da 21\u00aa edi\u00e7\u00e3o do Pr\u00eamio Innovare come\u00e7a \u00e0s 11h, com transmiss\u00e3o ao vivo"},"content":{"rendered":"<p>Lan\u00e7amento da 21\u00aa edi\u00e7\u00e3o do Pr\u00eamio Innovare come\u00e7a \u00e0s 11h, com transmiss\u00e3o ao vivo<\/p>","protected":false},"excerpt":{"rendered":"<p>Lan\u00e7amento da 21\u00aa edi\u00e7\u00e3o do Pr\u00eamio Innovare come\u00e7a \u00e0s 11h, com transmiss\u00e3o ao vivo<\/p>\n","protected":false},"author":0,"featured_media":0,"comment_status":"open","ping_status":"open","sticky":false,"template":"","format":"standard","meta":[],"categories":[1],"tags":[],"_links":{"self":[{"href":"https:\/\/aprimora.site\/carvalhoalmeidaadvogados\/wp-json\/wp\/v2\/posts\/6053"}],"collection":[{"href":"https:\/\/aprimora.site\/carvalhoalmeidaadvogados\/wp-json\/wp\/v2\/posts"}],"about":[{"href":"https:\/\/aprimora.site\/carvalhoalmeidaadvogados\/wp-json\/wp\/v2\/types\/post"}],"replies":[{"embeddable":true,"href":"https:\/\/aprimora.site\/carvalhoalmeidaadvogados\/wp-json\/wp\/v2\/comments?post=6053"}],"version-history":[{"count":0,"href":"https:\/\/aprimora.site\/carvalhoalmeidaadvogados\/wp-json\/wp\/v2\/posts\/6053\/revisions"}],"wp:attachment":[{"href":"https:\/\/aprimora.site\/carvalhoalmeidaadvogados\/wp-json\/wp\/v2\/media?parent=6053"}],"wp:term":[{"taxonomy":"category","embeddable":true,"href":"https:\/\/aprimora.site\/carvalhoalmeidaadvogados\/wp-json\/wp\/v2\/categories?post=6053"},{"taxonomy":"post_tag","embeddable":true,"href":"https:\/\/aprimora.site\/carvalhoalmeidaadvogados\/wp-json\/wp\/v2\/tags?post=6053"}],"curies":[{"name":"wp","href":"https:\/\/api.w.org\/{rel}","templated":true}]}}