{"id":6043,"date":"2024-03-08T04:15:06","date_gmt":"2024-03-08T07:15:06","guid":{"rendered":"https:\/\/aprimora.site\/carvalhoalmeidaadvogados\/2024\/03\/08\/responsabilidade-civil-por-dano-ambiental-e-um-dos-temas-da-nova-edicao-da-pesquisa-pronta\/"},"modified":"2024-03-08T04:15:06","modified_gmt":"2024-03-08T07:15:06","slug":"responsabilidade-civil-por-dano-ambiental-e-um-dos-temas-da-nova-edicao-da-pesquisa-pronta","status":"publish","type":"post","link":"https:\/\/aprimora.site\/carvalhoalmeidaadvogados\/2024\/03\/08\/responsabilidade-civil-por-dano-ambiental-e-um-dos-temas-da-nova-edicao-da-pesquisa-pronta\/","title":{"rendered":"Responsabilidade civil por dano ambiental \u00e9 um dos temas da nova edi\u00e7\u00e3o da Pesquisa Pronta"},"content":{"rendered":"<p>Responsabilidade civil por dano ambiental \u00e9 um dos temas da nova edi\u00e7\u00e3o da Pesquisa Pronta<\/p>","protected":false},"excerpt":{"rendered":"<p>Responsabilidade civil por dano ambiental \u00e9 um dos temas da nova edi\u00e7\u00e3o da Pesquisa Pronta<\/p>\n","protected":false},"author":0,"featured_media":0,"comment_status":"open","ping_status":"open","sticky":false,"template":"","format":"standard","meta":[],"categories":[1],"tags":[],"_links":{"self":[{"href":"https:\/\/aprimora.site\/carvalhoalmeidaadvogados\/wp-json\/wp\/v2\/posts\/6043"}],"collection":[{"href":"https:\/\/aprimora.site\/carvalhoalmeidaadvogados\/wp-json\/wp\/v2\/posts"}],"about":[{"href":"https:\/\/aprimora.site\/carvalhoalmeidaadvogados\/wp-json\/wp\/v2\/types\/post"}],"replies":[{"embeddable":true,"href":"https:\/\/aprimora.site\/carvalhoalmeidaadvogados\/wp-json\/wp\/v2\/comments?post=6043"}],"version-history":[{"count":0,"href":"https:\/\/aprimora.site\/carvalhoalmeidaadvogados\/wp-json\/wp\/v2\/posts\/6043\/revisions"}],"wp:attachment":[{"href":"https:\/\/aprimora.site\/carvalhoalmeidaadvogados\/wp-json\/wp\/v2\/media?parent=6043"}],"wp:term":[{"taxonomy":"category","embeddable":true,"href":"https:\/\/aprimora.site\/carvalhoalmeidaadvogados\/wp-json\/wp\/v2\/categories?post=6043"},{"taxonomy":"post_tag","embeddable":true,"href":"https:\/\/aprimora.site\/carvalhoalmeidaadvogados\/wp-json\/wp\/v2\/tags?post=6043"}],"curies":[{"name":"wp","href":"https:\/\/api.w.org\/{rel}","templated":true}]}}