{"id":6028,"date":"2024-03-08T04:15:04","date_gmt":"2024-03-08T07:15:04","guid":{"rendered":"https:\/\/aprimora.site\/carvalhoalmeidaadvogados\/2024\/03\/08\/desafios-dos-auditores-agropecuarios-na-seguranca-dos-alimentos\/"},"modified":"2024-03-08T04:15:04","modified_gmt":"2024-03-08T07:15:04","slug":"desafios-dos-auditores-agropecuarios-na-seguranca-dos-alimentos","status":"publish","type":"post","link":"https:\/\/aprimora.site\/carvalhoalmeidaadvogados\/2024\/03\/08\/desafios-dos-auditores-agropecuarios-na-seguranca-dos-alimentos\/","title":{"rendered":"Desafios dos auditores agropecu\u00e1rios na seguran\u00e7a dos alimentos"},"content":{"rendered":"<p><span>A seguran\u00e7a dos alimentos \u00e9 uma quest\u00e3o t\u00e3o crucial para os brasileiros quanto a seguran\u00e7a p\u00fablica e a arrecada\u00e7\u00e3o de impostos. No entanto, para o governo federal, parece haver uma discrep\u00e2ncia nesse reconhecimento. Os Auditores Fiscais Federais Agropecu\u00e1rios (Affas), como servidores de carreira do <a href=\"https:\/\/www.jota.info\/tudo-sobre\/ministerio-da-agricultura\">Minist\u00e9rio da Agricultura e Pecu\u00e1ria<\/a>, desempenham um papel fundamental na garantia da qualidade e seguran\u00e7a dos alimentos consumidos no pa\u00eds e exportados.\u00a0<\/span><\/p>\n<p><span>Eles est\u00e3o presentes nos portos, aeroportos, aduanas e zonas de fronteira evitando a entrada de pragas, doen\u00e7as e produtos clandestinos. Controlam pragas e doen\u00e7as nas planta\u00e7\u00f5es e rebanhos, auditam ind\u00fastrias de insumos, como medicamentos veterin\u00e1rios, ra\u00e7\u00f5es, agrot\u00f3xicos, sementes, s\u00eamens e embri\u00f5es. Al\u00e9m disso, acompanham todo o abate em frigor\u00edficos e auditam a produ\u00e7\u00e3o, importa\u00e7\u00e3o e exporta\u00e7\u00e3o de mel, leite e derivados, pescados, \u00f3leos, azeites, castanhas, gr\u00e3os, bebidas alc\u00f3olicas e n\u00e3o alco\u00f3licas, entre outros produtos.<\/span><\/p>\n<h3><a href=\"https:\/\/conteudo.jota.info\/marketing-lp-newsletter-por-dentro-da-maquina\">Quer saber os principais fatos ligados ao servi\u00e7o p\u00fablico? Clique aqui e se inscreva gratuitamente para receber a newsletter Por Dentro da M\u00e1quina<\/a><\/h3>\n<p><span>Apesar da import\u00e2ncia de todo esse trabalho, os profissionais enfrentam historicamente uma s\u00e9rie de desafios, como a falta de compensa\u00e7\u00f5es adequadas, a exemplo do adicional por horas extras trabalhadas e insalubridade. Al\u00e9m disso, o quadro de servidores na \u00e1rea \u00e9 significativamente menor do que em outras carreiras do servi\u00e7o p\u00fablico federal, como a arrecada\u00e7\u00e3o de impostos. Com apenas 2.300 auditores agropecu\u00e1rios em todo o pa\u00eds, e cerca de 20% deles aptos a se aposentar, h\u00e1 uma clara defasagem de pessoal que n\u00e3o \u00e9 adequadamente suprida pelos concursos p\u00fablicos.<\/span><\/p>\n<p><span>Desde o dia 20 de janeiro, a carreira promove a Opera\u00e7\u00e3o Reestrutura\u00e7\u00e3o, para pressionar o governo a sinalizar uma proposta condizente com as atribui\u00e7\u00f5es que exerce. A carga hor\u00e1ria de trabalho e o d\u00e9ficit de pessoal tem adoecido os auditores, que trabalham sob limite de exaust\u00e3o. No dia 15 de fevereiro, o Minist\u00e9rio da Gest\u00e3o e Inova\u00e7\u00e3o prop\u00f4s aos auditores agropecu\u00e1rios uma tabela equivalente a cerca de 50% das remunera\u00e7\u00f5es das demais carreiras de auditoria e seguran\u00e7a p\u00fablica do servi\u00e7o p\u00fablico federal, o que, na avalia\u00e7\u00e3o dos Affas, beira ao descaso e \u00e0 desvaloriza\u00e7\u00e3o da defesa agropecu\u00e1ria.\u00a0<\/span><\/p>\n<p><span>\u00c9 importante ressaltar que uma parte significativa do setor agropecu\u00e1rio reconhece e apoia as reivindica\u00e7\u00f5es dos auditores agropecu\u00e1rios, compreendendo a import\u00e2ncia de seu trabalho para a seguran\u00e7a dos alimentos do pa\u00eds. O apoio de diversas entidades do setor, bem como do pr\u00f3prio ministro da Agricultura, Carlos F\u00e1varo, demonstra a relev\u00e2ncia e urg\u00eancia dessas demandas.<\/span><\/p>\n<p><span>Em \u00faltima an\u00e1lise, \u00e9 fundamental que o governo federal reconhe\u00e7a a import\u00e2ncia da seguran\u00e7a dos alimentos e valorize adequadamente o trabalho dos auditores agropecu\u00e1rios, garantindo condi\u00e7\u00f5es de trabalho justas e remunera\u00e7\u00e3o adequada. Afinal, a seguran\u00e7a dos alimentos \u00e9 t\u00e3o essencial para os brasileiros quanto a seguran\u00e7a p\u00fablica e a arrecada\u00e7\u00e3o de impostos.<\/span><\/p>","protected":false},"excerpt":{"rendered":"<p>A seguran\u00e7a dos alimentos \u00e9 uma quest\u00e3o t\u00e3o crucial para os brasileiros quanto a seguran\u00e7a p\u00fablica e a arrecada\u00e7\u00e3o de impostos. No entanto, para o governo federal, parece haver uma discrep\u00e2ncia nesse reconhecimento. Os Auditores Fiscais Federais Agropecu\u00e1rios (Affas), como servidores de carreira do Minist\u00e9rio da Agricultura e Pecu\u00e1ria, desempenham um papel fundamental na garantia [&hellip;]<\/p>\n","protected":false},"author":0,"featured_media":0,"comment_status":"open","ping_status":"open","sticky":false,"template":"","format":"standard","meta":[],"categories":[1],"tags":[],"_links":{"self":[{"href":"https:\/\/aprimora.site\/carvalhoalmeidaadvogados\/wp-json\/wp\/v2\/posts\/6028"}],"collection":[{"href":"https:\/\/aprimora.site\/carvalhoalmeidaadvogados\/wp-json\/wp\/v2\/posts"}],"about":[{"href":"https:\/\/aprimora.site\/carvalhoalmeidaadvogados\/wp-json\/wp\/v2\/types\/post"}],"replies":[{"embeddable":true,"href":"https:\/\/aprimora.site\/carvalhoalmeidaadvogados\/wp-json\/wp\/v2\/comments?post=6028"}],"version-history":[{"count":0,"href":"https:\/\/aprimora.site\/carvalhoalmeidaadvogados\/wp-json\/wp\/v2\/posts\/6028\/revisions"}],"wp:attachment":[{"href":"https:\/\/aprimora.site\/carvalhoalmeidaadvogados\/wp-json\/wp\/v2\/media?parent=6028"}],"wp:term":[{"taxonomy":"category","embeddable":true,"href":"https:\/\/aprimora.site\/carvalhoalmeidaadvogados\/wp-json\/wp\/v2\/categories?post=6028"},{"taxonomy":"post_tag","embeddable":true,"href":"https:\/\/aprimora.site\/carvalhoalmeidaadvogados\/wp-json\/wp\/v2\/tags?post=6028"}],"curies":[{"name":"wp","href":"https:\/\/api.w.org\/{rel}","templated":true}]}}