{"id":5955,"date":"2024-02-27T19:54:43","date_gmt":"2024-02-27T22:54:43","guid":{"rendered":"https:\/\/aprimora.site\/carvalhoalmeidaadvogados\/2024\/02\/27\/stj-encaminha-280-precatorios-de-2024-para-pagamento-em-fevereiro-credores-devem-ficar-atentos-a-acao-de-golpistas\/"},"modified":"2024-02-27T19:54:43","modified_gmt":"2024-02-27T22:54:43","slug":"stj-encaminha-280-precatorios-de-2024-para-pagamento-em-fevereiro-credores-devem-ficar-atentos-a-acao-de-golpistas","status":"publish","type":"post","link":"https:\/\/aprimora.site\/carvalhoalmeidaadvogados\/2024\/02\/27\/stj-encaminha-280-precatorios-de-2024-para-pagamento-em-fevereiro-credores-devem-ficar-atentos-a-acao-de-golpistas\/","title":{"rendered":"STJ encaminha 280 precat\u00f3rios de 2024 para pagamento em fevereiro; credores devem ficar atentos \u00e0 a\u00e7\u00e3o de golpistas"},"content":{"rendered":"<p>STJ encaminha 280 precat\u00f3rios de 2024 para pagamento em fevereiro; credores devem ficar atentos \u00e0 a\u00e7\u00e3o de golpistas<\/p>","protected":false},"excerpt":{"rendered":"<p>STJ encaminha 280 precat\u00f3rios de 2024 para pagamento em fevereiro; credores devem ficar atentos \u00e0 a\u00e7\u00e3o de golpistas<\/p>\n","protected":false},"author":0,"featured_media":0,"comment_status":"open","ping_status":"open","sticky":false,"template":"","format":"standard","meta":[],"categories":[1],"tags":[],"_links":{"self":[{"href":"https:\/\/aprimora.site\/carvalhoalmeidaadvogados\/wp-json\/wp\/v2\/posts\/5955"}],"collection":[{"href":"https:\/\/aprimora.site\/carvalhoalmeidaadvogados\/wp-json\/wp\/v2\/posts"}],"about":[{"href":"https:\/\/aprimora.site\/carvalhoalmeidaadvogados\/wp-json\/wp\/v2\/types\/post"}],"replies":[{"embeddable":true,"href":"https:\/\/aprimora.site\/carvalhoalmeidaadvogados\/wp-json\/wp\/v2\/comments?post=5955"}],"version-history":[{"count":0,"href":"https:\/\/aprimora.site\/carvalhoalmeidaadvogados\/wp-json\/wp\/v2\/posts\/5955\/revisions"}],"wp:attachment":[{"href":"https:\/\/aprimora.site\/carvalhoalmeidaadvogados\/wp-json\/wp\/v2\/media?parent=5955"}],"wp:term":[{"taxonomy":"category","embeddable":true,"href":"https:\/\/aprimora.site\/carvalhoalmeidaadvogados\/wp-json\/wp\/v2\/categories?post=5955"},{"taxonomy":"post_tag","embeddable":true,"href":"https:\/\/aprimora.site\/carvalhoalmeidaadvogados\/wp-json\/wp\/v2\/tags?post=5955"}],"curies":[{"name":"wp","href":"https:\/\/api.w.org\/{rel}","templated":true}]}}