{"id":5921,"date":"2024-02-27T19:54:40","date_gmt":"2024-02-27T22:54:40","guid":{"rendered":"https:\/\/aprimora.site\/carvalhoalmeidaadvogados\/2024\/02\/27\/assembleia-pode-ampliar-teto-de-rpv-mesmo-com-veto-de-governador-decide-stf\/"},"modified":"2024-02-27T19:54:40","modified_gmt":"2024-02-27T22:54:40","slug":"assembleia-pode-ampliar-teto-de-rpv-mesmo-com-veto-de-governador-decide-stf","status":"publish","type":"post","link":"https:\/\/aprimora.site\/carvalhoalmeidaadvogados\/2024\/02\/27\/assembleia-pode-ampliar-teto-de-rpv-mesmo-com-veto-de-governador-decide-stf\/","title":{"rendered":"Assembleia pode ampliar teto de RPV mesmo com veto de governador, decide STF"},"content":{"rendered":"<p>O <a href=\"https:\/\/www.jota.info\/tudo-sobre\/stf\">Supremo Tribunal Federal<\/a> (STF) considerou leg\u00edtima, em decis\u00e3o no plen\u00e1rio virtual na \u00faltima sexta-feira (23\/2), a parte da <a href=\"https:\/\/www.al.rn.leg.br\/storage\/legislacao\/2019\/05\/15\/f190c163c2e09efe7bc59781801d0f67.pdf\">Lei 10.166\/2017<\/a>, do Rio Grande do Norte, que ampliou os limites de pagamento de d\u00edvidas<span> da <\/span>Fazenda P\u00fablica estadual por meio <span>de<\/span><span><a href=\"https:\/\/www.jota.info\/tudo-sobre\/rpv\"> Requisi\u00e7\u00e3o de Pequeno Valor<\/a> (RPV) de 20 sal\u00e1rios m\u00ednimos para 60 sal\u00e1rios m\u00ednimo quando <\/span>os benefici\u00e1rios tiverem mais de 60 anos de idade ou forem portadores de doen\u00e7a grave.<\/p>\n<p><span><span>A decis\u00e3o se deu no julgamento da <a href=\"https:\/\/portal.stf.jus.br\/processos\/detalhe.asp?incidente=5191351\">ADI 5.706<\/a>, a\u00e7\u00e3o ajuizada pelo ex-governador do Rio Grande do Norte Robinson Faria, que ficou sob relatoria do ministro <a href=\"https:\/\/www.jota.info\/tudo-sobre\/luiz-fux\">Luiz Fux<\/a>. O ministrou reconheceu que <\/span><span>a fixa\u00e7\u00e3o\u00a0<\/span><span>do teto das obriga\u00e7\u00f5es de pequeno valor constitui mat\u00e9ria de compet\u00eancia legislativa dos ente federativos e n\u00e3o se enquadra como lei de natureza or\u00e7ament\u00e1ria ou de organiza\u00e7\u00e3o da Administra\u00e7\u00e3o P\u00fablica, o que afasta a necessidade de iniciativa exclusiva do governador.<\/span><\/span><\/p>\n<h3><a href=\"https:\/\/www.jota.info\/produtos\/poder%20?utm_source=cta-site&amp;utm_medium=site&amp;utm_campaign=campanha_poder_q2&amp;utm_id=cta_texto_poder_q2_2023&amp;utm_term=cta_texto_poder&amp;utm_term=cta_texto_poder_meio_materias\">Tenha acesso ao\u00a0<span class=\"jota\"><span class=\"jota\">JOTA<\/span><\/span>\u00a0PRO Poder,\u00a0uma plataforma de monitoramento pol\u00edtico\u00a0com informa\u00e7\u00f5es de bastidores\u00a0que oferece\u00a0mais\u00a0transpar\u00eancia e previsibilidade para empresas.\u00a0Conhe\u00e7a!<\/a><\/h3>\n<p><span><span>Contudo, Fux considerou inconstitucional o trecho da lei que estabelece o pagamento do RPV sem observar os limites definidos pela Constitui\u00e7\u00e3o. Para o magistrado, cabe aos legisladores estaduais fixar apenas os valores-teto das obriga\u00e7\u00f5es de pequeno valor, enquanto ampliar a dispensa de precat\u00f3rios em outras hip\u00f3teses viola o princ\u00edpio da autonomia.<\/span><\/span><\/p>\n<p>O inciso em quest\u00e3o previa que deveriam ser pagos integralmente via RPV\u00a0 \u201cos valores nominais quando egressos de Juizados Especiais da Fazenda P\u00fablica e tenham natureza aliment\u00edcia\u201d.<\/p>\n<h3><a href=\"https:\/\/whatsapp.com\/channel\/0029VaFvFd73rZZflK7yGD0I\">Inscreva-se no canal de not\u00edcias do\u00a0<span class=\"jota\"><span class=\"jota\">JOTA<\/span><\/span>\u00a0no WhatsApp e fique por dentro das principais discuss\u00f5es do pa\u00eds!<\/a><\/h3>\n<p>\u201cVerifica-se que a norma n\u00e3o versa valor-teto de obriga\u00e7\u00f5es de pequeno valor, mas elege uma determinada categoria de d\u00edvidas provenientes de condena\u00e7\u00f5es judiciais da Fazenda P\u00fablica estadual cujo pagamento se dar\u00e1 sem a observ\u00e2ncia do regime de precat\u00f3rios, independentemente do valor do d\u00e9bito, configurando exce\u00e7\u00e3o ao regime de precat\u00f3rios n\u00e3o prevista na Constitui\u00e7\u00e3o Federal\u201d, escreveu Fux.<\/p>\n<p>Na avalia\u00e7\u00e3o de Fux, a rejei\u00e7\u00e3o pelo Legislativo ao veto do governador, mesmo ap\u00f3s o prazo previsto na Constitui\u00e7\u00e3o, n\u00e3o invalida o processo legislativo, pois a norma apenas estabelece que o veto deve ser inclu\u00eddo na ordem da sess\u00e3o imediata, sem prever caducidade ou preclus\u00e3o.<\/p>\n<p>O ministro <a href=\"https:\/\/www.jota.info\/tudo-sobre\/gilmar-mendes\">Gilmar Mendes<\/a> foi o \u00fanico a divergir parcialmente do relator no julgamento. Mendes concordou com a prerrogativa dos entes federativos para fixar o teto do RPV e defendeu a aplica\u00e7\u00e3o da t\u00e9cnica de interpreta\u00e7\u00e3o conforme \u00e0 Constitui\u00e7\u00e3o no par\u00e1grafo que foi considerado inconstitucional pela maioria.<\/p>\n<p>Para Mendes, o STF deveria assentar que a exce\u00e7\u00e3o contida no dispositivo \u201climita-se aos cr\u00e9ditos de natureza aliment\u00edcia constitu\u00eddos no \u00e2mbito dos Juizados Especiais da Fazenda P\u00fablica at\u00e9 o limite de\u2006 \u2006 sessenta (60) sal\u00e1rios m\u00ednimos\u201d.<\/p>","protected":false},"excerpt":{"rendered":"<p>O Supremo Tribunal Federal (STF) considerou leg\u00edtima, em decis\u00e3o no plen\u00e1rio virtual na \u00faltima sexta-feira (23\/2), a parte da Lei 10.166\/2017, do Rio Grande do Norte, que ampliou os limites de pagamento de d\u00edvidas da Fazenda P\u00fablica estadual por meio de Requisi\u00e7\u00e3o de Pequeno Valor (RPV) de 20 sal\u00e1rios m\u00ednimos para 60 sal\u00e1rios m\u00ednimo quando [&hellip;]<\/p>\n","protected":false},"author":0,"featured_media":0,"comment_status":"open","ping_status":"open","sticky":false,"template":"","format":"standard","meta":[],"categories":[1],"tags":[],"_links":{"self":[{"href":"https:\/\/aprimora.site\/carvalhoalmeidaadvogados\/wp-json\/wp\/v2\/posts\/5921"}],"collection":[{"href":"https:\/\/aprimora.site\/carvalhoalmeidaadvogados\/wp-json\/wp\/v2\/posts"}],"about":[{"href":"https:\/\/aprimora.site\/carvalhoalmeidaadvogados\/wp-json\/wp\/v2\/types\/post"}],"replies":[{"embeddable":true,"href":"https:\/\/aprimora.site\/carvalhoalmeidaadvogados\/wp-json\/wp\/v2\/comments?post=5921"}],"version-history":[{"count":0,"href":"https:\/\/aprimora.site\/carvalhoalmeidaadvogados\/wp-json\/wp\/v2\/posts\/5921\/revisions"}],"wp:attachment":[{"href":"https:\/\/aprimora.site\/carvalhoalmeidaadvogados\/wp-json\/wp\/v2\/media?parent=5921"}],"wp:term":[{"taxonomy":"category","embeddable":true,"href":"https:\/\/aprimora.site\/carvalhoalmeidaadvogados\/wp-json\/wp\/v2\/categories?post=5921"},{"taxonomy":"post_tag","embeddable":true,"href":"https:\/\/aprimora.site\/carvalhoalmeidaadvogados\/wp-json\/wp\/v2\/tags?post=5921"}],"curies":[{"name":"wp","href":"https:\/\/api.w.org\/{rel}","templated":true}]}}