{"id":5884,"date":"2024-02-22T12:21:07","date_gmt":"2024-02-22T15:21:07","guid":{"rendered":"https:\/\/aprimora.site\/carvalhoalmeidaadvogados\/2024\/02\/22\/relator-admite-que-justica-exija-documentos-para-evitar-litigancia-predatoria-vista-suspende-julgamento\/"},"modified":"2024-02-22T12:21:07","modified_gmt":"2024-02-22T15:21:07","slug":"relator-admite-que-justica-exija-documentos-para-evitar-litigancia-predatoria-vista-suspende-julgamento","status":"publish","type":"post","link":"https:\/\/aprimora.site\/carvalhoalmeidaadvogados\/2024\/02\/22\/relator-admite-que-justica-exija-documentos-para-evitar-litigancia-predatoria-vista-suspende-julgamento\/","title":{"rendered":"Relator admite que Justi\u00e7a exija documentos para evitar litig\u00e2ncia predat\u00f3ria; vista suspende julgamento"},"content":{"rendered":"<p>Relator admite que Justi\u00e7a exija documentos para evitar litig\u00e2ncia predat\u00f3ria; vista suspende julgamento<\/p>","protected":false},"excerpt":{"rendered":"<p>Relator admite que Justi\u00e7a exija documentos para evitar litig\u00e2ncia predat\u00f3ria; vista suspende julgamento<\/p>\n","protected":false},"author":0,"featured_media":0,"comment_status":"open","ping_status":"open","sticky":false,"template":"","format":"standard","meta":[],"categories":[1],"tags":[],"_links":{"self":[{"href":"https:\/\/aprimora.site\/carvalhoalmeidaadvogados\/wp-json\/wp\/v2\/posts\/5884"}],"collection":[{"href":"https:\/\/aprimora.site\/carvalhoalmeidaadvogados\/wp-json\/wp\/v2\/posts"}],"about":[{"href":"https:\/\/aprimora.site\/carvalhoalmeidaadvogados\/wp-json\/wp\/v2\/types\/post"}],"replies":[{"embeddable":true,"href":"https:\/\/aprimora.site\/carvalhoalmeidaadvogados\/wp-json\/wp\/v2\/comments?post=5884"}],"version-history":[{"count":0,"href":"https:\/\/aprimora.site\/carvalhoalmeidaadvogados\/wp-json\/wp\/v2\/posts\/5884\/revisions"}],"wp:attachment":[{"href":"https:\/\/aprimora.site\/carvalhoalmeidaadvogados\/wp-json\/wp\/v2\/media?parent=5884"}],"wp:term":[{"taxonomy":"category","embeddable":true,"href":"https:\/\/aprimora.site\/carvalhoalmeidaadvogados\/wp-json\/wp\/v2\/categories?post=5884"},{"taxonomy":"post_tag","embeddable":true,"href":"https:\/\/aprimora.site\/carvalhoalmeidaadvogados\/wp-json\/wp\/v2\/tags?post=5884"}],"curies":[{"name":"wp","href":"https:\/\/api.w.org\/{rel}","templated":true}]}}