{"id":5868,"date":"2024-02-16T03:44:39","date_gmt":"2024-02-16T06:44:39","guid":{"rendered":"https:\/\/aprimora.site\/carvalhoalmeidaadvogados\/2024\/02\/16\/prisao-preventiva-nao-pode-ser-decretada-apenas-com-base-na-falta-de-localizacao-do-reu\/"},"modified":"2024-02-16T03:44:39","modified_gmt":"2024-02-16T06:44:39","slug":"prisao-preventiva-nao-pode-ser-decretada-apenas-com-base-na-falta-de-localizacao-do-reu","status":"publish","type":"post","link":"https:\/\/aprimora.site\/carvalhoalmeidaadvogados\/2024\/02\/16\/prisao-preventiva-nao-pode-ser-decretada-apenas-com-base-na-falta-de-localizacao-do-reu\/","title":{"rendered":"Pris\u00e3o preventiva n\u00e3o pode ser decretada apenas com base na falta de localiza\u00e7\u00e3o do r\u00e9u"},"content":{"rendered":"<p>A Quinta Turma revogou a pris\u00e3o preventiva, determinada pelo juiz porque o r\u00e9u, citado por edital, n\u00e3o respondeu \u00e0 acusa\u00e7\u00e3o nem constituiu advogado para represent\u00e1-lo.<\/p>","protected":false},"excerpt":{"rendered":"<p>A Quinta Turma revogou a pris\u00e3o preventiva, determinada pelo juiz porque o r\u00e9u, citado por edital, n\u00e3o respondeu \u00e0 acusa\u00e7\u00e3o nem constituiu advogado para represent\u00e1-lo.<\/p>\n","protected":false},"author":0,"featured_media":0,"comment_status":"open","ping_status":"open","sticky":false,"template":"","format":"standard","meta":[],"categories":[1],"tags":[],"_links":{"self":[{"href":"https:\/\/aprimora.site\/carvalhoalmeidaadvogados\/wp-json\/wp\/v2\/posts\/5868"}],"collection":[{"href":"https:\/\/aprimora.site\/carvalhoalmeidaadvogados\/wp-json\/wp\/v2\/posts"}],"about":[{"href":"https:\/\/aprimora.site\/carvalhoalmeidaadvogados\/wp-json\/wp\/v2\/types\/post"}],"replies":[{"embeddable":true,"href":"https:\/\/aprimora.site\/carvalhoalmeidaadvogados\/wp-json\/wp\/v2\/comments?post=5868"}],"version-history":[{"count":0,"href":"https:\/\/aprimora.site\/carvalhoalmeidaadvogados\/wp-json\/wp\/v2\/posts\/5868\/revisions"}],"wp:attachment":[{"href":"https:\/\/aprimora.site\/carvalhoalmeidaadvogados\/wp-json\/wp\/v2\/media?parent=5868"}],"wp:term":[{"taxonomy":"category","embeddable":true,"href":"https:\/\/aprimora.site\/carvalhoalmeidaadvogados\/wp-json\/wp\/v2\/categories?post=5868"},{"taxonomy":"post_tag","embeddable":true,"href":"https:\/\/aprimora.site\/carvalhoalmeidaadvogados\/wp-json\/wp\/v2\/tags?post=5868"}],"curies":[{"name":"wp","href":"https:\/\/api.w.org\/{rel}","templated":true}]}}