{"id":5751,"date":"2024-01-31T15:48:35","date_gmt":"2024-01-31T18:48:35","guid":{"rendered":"https:\/\/aprimora.site\/carvalhoalmeidaadvogados\/2024\/01\/31\/mantida-acao-penal-contra-ex-vereador-gabriel-monteiro-por-difamacao-de-medico\/"},"modified":"2024-01-31T15:48:35","modified_gmt":"2024-01-31T18:48:35","slug":"mantida-acao-penal-contra-ex-vereador-gabriel-monteiro-por-difamacao-de-medico","status":"publish","type":"post","link":"https:\/\/aprimora.site\/carvalhoalmeidaadvogados\/2024\/01\/31\/mantida-acao-penal-contra-ex-vereador-gabriel-monteiro-por-difamacao-de-medico\/","title":{"rendered":"Mantida a\u00e7\u00e3o penal contra ex-vereador Gabriel Monteiro por difama\u00e7\u00e3o de m\u00e9dico"},"content":{"rendered":"<p>Mantida a\u00e7\u00e3o penal contra ex-vereador Gabriel Monteiro por difama\u00e7\u00e3o de m\u00e9dico<\/p>","protected":false},"excerpt":{"rendered":"<p>Mantida a\u00e7\u00e3o penal contra ex-vereador Gabriel Monteiro por difama\u00e7\u00e3o de m\u00e9dico<\/p>\n","protected":false},"author":0,"featured_media":0,"comment_status":"open","ping_status":"open","sticky":false,"template":"","format":"standard","meta":[],"categories":[1],"tags":[],"_links":{"self":[{"href":"https:\/\/aprimora.site\/carvalhoalmeidaadvogados\/wp-json\/wp\/v2\/posts\/5751"}],"collection":[{"href":"https:\/\/aprimora.site\/carvalhoalmeidaadvogados\/wp-json\/wp\/v2\/posts"}],"about":[{"href":"https:\/\/aprimora.site\/carvalhoalmeidaadvogados\/wp-json\/wp\/v2\/types\/post"}],"replies":[{"embeddable":true,"href":"https:\/\/aprimora.site\/carvalhoalmeidaadvogados\/wp-json\/wp\/v2\/comments?post=5751"}],"version-history":[{"count":0,"href":"https:\/\/aprimora.site\/carvalhoalmeidaadvogados\/wp-json\/wp\/v2\/posts\/5751\/revisions"}],"wp:attachment":[{"href":"https:\/\/aprimora.site\/carvalhoalmeidaadvogados\/wp-json\/wp\/v2\/media?parent=5751"}],"wp:term":[{"taxonomy":"category","embeddable":true,"href":"https:\/\/aprimora.site\/carvalhoalmeidaadvogados\/wp-json\/wp\/v2\/categories?post=5751"},{"taxonomy":"post_tag","embeddable":true,"href":"https:\/\/aprimora.site\/carvalhoalmeidaadvogados\/wp-json\/wp\/v2\/tags?post=5751"}],"curies":[{"name":"wp","href":"https:\/\/api.w.org\/{rel}","templated":true}]}}