{"id":5749,"date":"2024-01-31T15:48:35","date_gmt":"2024-01-31T18:48:35","guid":{"rendered":"https:\/\/aprimora.site\/carvalhoalmeidaadvogados\/2024\/01\/31\/negada-liminar-para-suspender-acao-penal-contra-jogador-acusado-na-operacao-penalidade-maxima\/"},"modified":"2024-01-31T15:48:35","modified_gmt":"2024-01-31T18:48:35","slug":"negada-liminar-para-suspender-acao-penal-contra-jogador-acusado-na-operacao-penalidade-maxima","status":"publish","type":"post","link":"https:\/\/aprimora.site\/carvalhoalmeidaadvogados\/2024\/01\/31\/negada-liminar-para-suspender-acao-penal-contra-jogador-acusado-na-operacao-penalidade-maxima\/","title":{"rendered":"Negada liminar para suspender a\u00e7\u00e3o penal contra jogador acusado na Opera\u00e7\u00e3o Penalidade M\u00e1xima"},"content":{"rendered":"<p>Negada liminar para suspender a\u00e7\u00e3o penal contra jogador acusado na Opera\u00e7\u00e3o Penalidade M\u00e1xima<\/p>","protected":false},"excerpt":{"rendered":"<p>Negada liminar para suspender a\u00e7\u00e3o penal contra jogador acusado na Opera\u00e7\u00e3o Penalidade M\u00e1xima<\/p>\n","protected":false},"author":0,"featured_media":0,"comment_status":"open","ping_status":"open","sticky":false,"template":"","format":"standard","meta":[],"categories":[1],"tags":[],"_links":{"self":[{"href":"https:\/\/aprimora.site\/carvalhoalmeidaadvogados\/wp-json\/wp\/v2\/posts\/5749"}],"collection":[{"href":"https:\/\/aprimora.site\/carvalhoalmeidaadvogados\/wp-json\/wp\/v2\/posts"}],"about":[{"href":"https:\/\/aprimora.site\/carvalhoalmeidaadvogados\/wp-json\/wp\/v2\/types\/post"}],"replies":[{"embeddable":true,"href":"https:\/\/aprimora.site\/carvalhoalmeidaadvogados\/wp-json\/wp\/v2\/comments?post=5749"}],"version-history":[{"count":0,"href":"https:\/\/aprimora.site\/carvalhoalmeidaadvogados\/wp-json\/wp\/v2\/posts\/5749\/revisions"}],"wp:attachment":[{"href":"https:\/\/aprimora.site\/carvalhoalmeidaadvogados\/wp-json\/wp\/v2\/media?parent=5749"}],"wp:term":[{"taxonomy":"category","embeddable":true,"href":"https:\/\/aprimora.site\/carvalhoalmeidaadvogados\/wp-json\/wp\/v2\/categories?post=5749"},{"taxonomy":"post_tag","embeddable":true,"href":"https:\/\/aprimora.site\/carvalhoalmeidaadvogados\/wp-json\/wp\/v2\/tags?post=5749"}],"curies":[{"name":"wp","href":"https:\/\/api.w.org\/{rel}","templated":true}]}}