{"id":5725,"date":"2024-01-31T15:48:34","date_gmt":"2024-01-31T18:48:34","guid":{"rendered":"https:\/\/aprimora.site\/carvalhoalmeidaadvogados\/2024\/01\/31\/stj-determina-que-medicos-peritos-mantenham-de-70-a-85-do-servico-durante-a-greve-desta-quarta-31\/"},"modified":"2024-01-31T15:48:34","modified_gmt":"2024-01-31T18:48:34","slug":"stj-determina-que-medicos-peritos-mantenham-de-70-a-85-do-servico-durante-a-greve-desta-quarta-31","status":"publish","type":"post","link":"https:\/\/aprimora.site\/carvalhoalmeidaadvogados\/2024\/01\/31\/stj-determina-que-medicos-peritos-mantenham-de-70-a-85-do-servico-durante-a-greve-desta-quarta-31\/","title":{"rendered":"STJ determina que m\u00e9dicos peritos mantenham de 70% a 85% do servi\u00e7o durante a greve desta quarta (31)"},"content":{"rendered":"<p>O trabalho dos m\u00e9dicos que fazem per\u00edcia na Previd\u00eancia Social \u2013 necess\u00e1rio, por exemplo, para a concess\u00e3o do aux\u00edlio-doen\u00e7a e do BCP \u2013 \u00e9 reconhecido como essencial pela Lei 13.846\/2019.<\/p>","protected":false},"excerpt":{"rendered":"<p>O trabalho dos m\u00e9dicos que fazem per\u00edcia na Previd\u00eancia Social \u2013 necess\u00e1rio, por exemplo, para a concess\u00e3o do aux\u00edlio-doen\u00e7a e do BCP \u2013 \u00e9 reconhecido como essencial pela Lei 13.846\/2019.<\/p>\n","protected":false},"author":0,"featured_media":0,"comment_status":"open","ping_status":"open","sticky":false,"template":"","format":"standard","meta":[],"categories":[1],"tags":[],"_links":{"self":[{"href":"https:\/\/aprimora.site\/carvalhoalmeidaadvogados\/wp-json\/wp\/v2\/posts\/5725"}],"collection":[{"href":"https:\/\/aprimora.site\/carvalhoalmeidaadvogados\/wp-json\/wp\/v2\/posts"}],"about":[{"href":"https:\/\/aprimora.site\/carvalhoalmeidaadvogados\/wp-json\/wp\/v2\/types\/post"}],"replies":[{"embeddable":true,"href":"https:\/\/aprimora.site\/carvalhoalmeidaadvogados\/wp-json\/wp\/v2\/comments?post=5725"}],"version-history":[{"count":0,"href":"https:\/\/aprimora.site\/carvalhoalmeidaadvogados\/wp-json\/wp\/v2\/posts\/5725\/revisions"}],"wp:attachment":[{"href":"https:\/\/aprimora.site\/carvalhoalmeidaadvogados\/wp-json\/wp\/v2\/media?parent=5725"}],"wp:term":[{"taxonomy":"category","embeddable":true,"href":"https:\/\/aprimora.site\/carvalhoalmeidaadvogados\/wp-json\/wp\/v2\/categories?post=5725"},{"taxonomy":"post_tag","embeddable":true,"href":"https:\/\/aprimora.site\/carvalhoalmeidaadvogados\/wp-json\/wp\/v2\/tags?post=5725"}],"curies":[{"name":"wp","href":"https:\/\/api.w.org\/{rel}","templated":true}]}}