{"id":5649,"date":"2024-01-18T09:33:14","date_gmt":"2024-01-18T12:33:14","guid":{"rendered":"https:\/\/aprimora.site\/carvalhoalmeidaadvogados\/2024\/01\/18\/recuperacao-judicial-nao-impede-execucao-redirecionada-a-socio-apos-desconsideracao-da-personalidade-juridica-com-base-no-cdc\/"},"modified":"2024-01-18T09:33:14","modified_gmt":"2024-01-18T12:33:14","slug":"recuperacao-judicial-nao-impede-execucao-redirecionada-a-socio-apos-desconsideracao-da-personalidade-juridica-com-base-no-cdc","status":"publish","type":"post","link":"https:\/\/aprimora.site\/carvalhoalmeidaadvogados\/2024\/01\/18\/recuperacao-judicial-nao-impede-execucao-redirecionada-a-socio-apos-desconsideracao-da-personalidade-juridica-com-base-no-cdc\/","title":{"rendered":"Recupera\u00e7\u00e3o judicial n\u00e3o impede execu\u00e7\u00e3o redirecionada a s\u00f3cio ap\u00f3s desconsidera\u00e7\u00e3o da personalidade jur\u00eddica com base no CDC"},"content":{"rendered":"<p>Segundo a Terceira Turma, a constri\u00e7\u00e3o de bens dos s\u00f3cios, nessa hip\u00f3tese, n\u00e3o afeta o patrim\u00f4nio da empresa em recupera\u00e7\u00e3o, tampouco atinge a sua capacidade de reestrutura\u00e7\u00e3o.<\/p>","protected":false},"excerpt":{"rendered":"<p>Segundo a Terceira Turma, a constri\u00e7\u00e3o de bens dos s\u00f3cios, nessa hip\u00f3tese, n\u00e3o afeta o patrim\u00f4nio da empresa em recupera\u00e7\u00e3o, tampouco atinge a sua capacidade de reestrutura\u00e7\u00e3o.<\/p>\n","protected":false},"author":0,"featured_media":0,"comment_status":"open","ping_status":"open","sticky":false,"template":"","format":"standard","meta":[],"categories":[1],"tags":[],"_links":{"self":[{"href":"https:\/\/aprimora.site\/carvalhoalmeidaadvogados\/wp-json\/wp\/v2\/posts\/5649"}],"collection":[{"href":"https:\/\/aprimora.site\/carvalhoalmeidaadvogados\/wp-json\/wp\/v2\/posts"}],"about":[{"href":"https:\/\/aprimora.site\/carvalhoalmeidaadvogados\/wp-json\/wp\/v2\/types\/post"}],"replies":[{"embeddable":true,"href":"https:\/\/aprimora.site\/carvalhoalmeidaadvogados\/wp-json\/wp\/v2\/comments?post=5649"}],"version-history":[{"count":0,"href":"https:\/\/aprimora.site\/carvalhoalmeidaadvogados\/wp-json\/wp\/v2\/posts\/5649\/revisions"}],"wp:attachment":[{"href":"https:\/\/aprimora.site\/carvalhoalmeidaadvogados\/wp-json\/wp\/v2\/media?parent=5649"}],"wp:term":[{"taxonomy":"category","embeddable":true,"href":"https:\/\/aprimora.site\/carvalhoalmeidaadvogados\/wp-json\/wp\/v2\/categories?post=5649"},{"taxonomy":"post_tag","embeddable":true,"href":"https:\/\/aprimora.site\/carvalhoalmeidaadvogados\/wp-json\/wp\/v2\/tags?post=5649"}],"curies":[{"name":"wp","href":"https:\/\/api.w.org\/{rel}","templated":true}]}}