{"id":5606,"date":"2024-01-15T03:21:03","date_gmt":"2024-01-15T06:21:03","guid":{"rendered":"https:\/\/aprimora.site\/carvalhoalmeidaadvogados\/2024\/01\/15\/suspensa-decisao-que-havia-paralisado-o-processo-de-concessao-do-jardim-de-alah-no-rio-de-janeiro\/"},"modified":"2024-01-15T03:21:03","modified_gmt":"2024-01-15T06:21:03","slug":"suspensa-decisao-que-havia-paralisado-o-processo-de-concessao-do-jardim-de-alah-no-rio-de-janeiro","status":"publish","type":"post","link":"https:\/\/aprimora.site\/carvalhoalmeidaadvogados\/2024\/01\/15\/suspensa-decisao-que-havia-paralisado-o-processo-de-concessao-do-jardim-de-alah-no-rio-de-janeiro\/","title":{"rendered":"Suspensa decis\u00e3o que havia paralisado o processo de concess\u00e3o do Jardim de Alah, no Rio de Janeiro"},"content":{"rendered":"<p>Segundo a presidente do STJ, ministra Maria Thereza de Assis Moura, a suspens\u00e3o da licita\u00e7\u00e3o traz preju\u00edzo coletivo, pois concess\u00e3o deve trazer melhorias \u00e0 seguran\u00e7a e bem-estar na regi\u00e3o.<\/p>","protected":false},"excerpt":{"rendered":"<p>Segundo a presidente do STJ, ministra Maria Thereza de Assis Moura, a suspens\u00e3o da licita\u00e7\u00e3o traz preju\u00edzo coletivo, pois concess\u00e3o deve trazer melhorias \u00e0 seguran\u00e7a e bem-estar na regi\u00e3o.<\/p>\n","protected":false},"author":0,"featured_media":0,"comment_status":"open","ping_status":"open","sticky":false,"template":"","format":"standard","meta":[],"categories":[1],"tags":[],"_links":{"self":[{"href":"https:\/\/aprimora.site\/carvalhoalmeidaadvogados\/wp-json\/wp\/v2\/posts\/5606"}],"collection":[{"href":"https:\/\/aprimora.site\/carvalhoalmeidaadvogados\/wp-json\/wp\/v2\/posts"}],"about":[{"href":"https:\/\/aprimora.site\/carvalhoalmeidaadvogados\/wp-json\/wp\/v2\/types\/post"}],"replies":[{"embeddable":true,"href":"https:\/\/aprimora.site\/carvalhoalmeidaadvogados\/wp-json\/wp\/v2\/comments?post=5606"}],"version-history":[{"count":0,"href":"https:\/\/aprimora.site\/carvalhoalmeidaadvogados\/wp-json\/wp\/v2\/posts\/5606\/revisions"}],"wp:attachment":[{"href":"https:\/\/aprimora.site\/carvalhoalmeidaadvogados\/wp-json\/wp\/v2\/media?parent=5606"}],"wp:term":[{"taxonomy":"category","embeddable":true,"href":"https:\/\/aprimora.site\/carvalhoalmeidaadvogados\/wp-json\/wp\/v2\/categories?post=5606"},{"taxonomy":"post_tag","embeddable":true,"href":"https:\/\/aprimora.site\/carvalhoalmeidaadvogados\/wp-json\/wp\/v2\/tags?post=5606"}],"curies":[{"name":"wp","href":"https:\/\/api.w.org\/{rel}","templated":true}]}}