{"id":5600,"date":"2024-01-15T03:21:02","date_gmt":"2024-01-15T06:21:02","guid":{"rendered":"https:\/\/aprimora.site\/carvalhoalmeidaadvogados\/2024\/01\/15\/icms-sobre-a-tusd-em-energia-solar-e-tema-infraconstitucional-decide-stf\/"},"modified":"2024-01-15T03:21:02","modified_gmt":"2024-01-15T06:21:02","slug":"icms-sobre-a-tusd-em-energia-solar-e-tema-infraconstitucional-decide-stf","status":"publish","type":"post","link":"https:\/\/aprimora.site\/carvalhoalmeidaadvogados\/2024\/01\/15\/icms-sobre-a-tusd-em-energia-solar-e-tema-infraconstitucional-decide-stf\/","title":{"rendered":"ICMS sobre a TUSD em energia solar \u00e9 tema infraconstitucional, decide STF"},"content":{"rendered":"<p>O Supremo Tribunal Federal (<a href=\"https:\/\/www.jota.info\/tudo-sobre\/stf\">STF<\/a>), por unanimidade, definiu que a discuss\u00e3o sobre a incid\u00eancia de <a href=\"https:\/\/www.jota.info\/tributos-e-empresas\/tributario\/icms-entenda-os-aspectos-fundamentais-13052021\">ICMS<\/a> sobre a Tarifa de Utiliza\u00e7\u00e3o do Sistema de Distribui\u00e7\u00e3o de Energia (Tusd) tem natureza infraconstitucional e, desse modo, n\u00e3o deve ser enfrentada pelo STF.<\/p>\n<h3><a href=\"https:\/\/www.jota.info\/produtos\/tributos?utm_source=cta-site&amp;utm_medium=site&amp;utm_campaign=campanha_tributos_q2&amp;utm_id=cta_texto_tributos_q2_2023&amp;utm_term=cta_texto_tributos&amp;utm_term=cta_texto_tributos_meio_materias\">Conhe\u00e7a o\u00a0<span class=\"jota\"><span class=\"jota\">JOTA<\/span><\/span>\u00a0PRO Tributos,\u00a0nossa\u00a0plataforma de monitoramento tribut\u00e1rio para empresas e escrit\u00f3rios, que traz decis\u00f5es e movimenta\u00e7\u00f5es do Carf, STJ e STF<\/a><\/h3>\n<p>Oito ministros acompanharam o voto do relator,\u00a0 <a href=\"https:\/\/www.jota.info\/tudo-sobre\/luis-roberto-barroso\">Lu\u00eds Roberto Barroso<\/a>, contr\u00e1rio ao reconhecimento de repercuss\u00e3o geral na quest\u00e3o, discutida no ARE 1.464.347. O \u00fanico que n\u00e3o votou foi o ministro <a href=\"https:\/\/www.jota.info\/tudo-sobre\/luiz-fux\">Luiz Fux<\/a>.<\/p>\n<p>No caso concreto, o estado de Mato Grosso recorria de decis\u00e3o do Tribunal de Justi\u00e7a do Estado de Mato Grosso (<a href=\"https:\/\/www.jota.info\/tudo-sobre\/tjmt\">TJMT<\/a>) que excluiu a TUSD da base de c\u00e1lculo do ICMS em um caso envolvendo energia el\u00e9trica produzida por consumidores com unidades de mini e microgera\u00e7\u00e3o de energia solar fotovoltaica.<\/p>\n<p>O tribunal de origem concluiu que a energia produzida \u00e9 consumida pela pr\u00f3pria unidade gestora, n\u00e3o havendo que se falar em comercializa\u00e7\u00e3o de energia e, portanto, em fato gerador do ICMS.<\/p>\n<h3><a href=\"https:\/\/www.whatsapp.com\/channel\/0029VaDKpye0LKZ7DgvIBP1z\">Inscreva-se no canal de not\u00edcias tribut\u00e1rias do\u00a0<span class=\"jota\"><span class=\"jota\">JOTA<\/span><\/span>\u00a0no WhatsApp e fique por dentro das principais discuss\u00f5es tribut\u00e1rias!<\/a><\/h3>\n<p>Barroso concluiu que, no caso das unidades consumidores com mini e microgera\u00e7\u00e3o de energia solar, a verifica\u00e7\u00e3o da exist\u00eancia de opera\u00e7\u00e3o mercantil pressup\u00f5e o exame de resolu\u00e7\u00e3o normativa da Ag\u00eancia Nacional de Energia El\u00e9trica (Aneel), que estabelece as condi\u00e7\u00f5es de acesso aos sistemas de distribui\u00e7\u00e3o de energia el\u00e9trica e o regime de compensa\u00e7\u00e3o entre a energia injetada e a energia consumida.<\/p>\n<p>Por isso, de acordo com o relator, n\u00e3o existe mat\u00e9ria constitucional a ser apreciada, o que impede o STF de julgar o caso, uma vez que a Corte n\u00e3o se debru\u00e7a sobre a discuss\u00e3o de legisla\u00e7\u00e3o infraconstitucional.<\/p>","protected":false},"excerpt":{"rendered":"<p>O Supremo Tribunal Federal (STF), por unanimidade, definiu que a discuss\u00e3o sobre a incid\u00eancia de ICMS sobre a Tarifa de Utiliza\u00e7\u00e3o do Sistema de Distribui\u00e7\u00e3o de Energia (Tusd) tem natureza infraconstitucional e, desse modo, n\u00e3o deve ser enfrentada pelo STF. Conhe\u00e7a o\u00a0JOTA\u00a0PRO Tributos,\u00a0nossa\u00a0plataforma de monitoramento tribut\u00e1rio para empresas e escrit\u00f3rios, que traz decis\u00f5es e movimenta\u00e7\u00f5es [&hellip;]<\/p>\n","protected":false},"author":0,"featured_media":0,"comment_status":"open","ping_status":"open","sticky":false,"template":"","format":"standard","meta":[],"categories":[1],"tags":[],"_links":{"self":[{"href":"https:\/\/aprimora.site\/carvalhoalmeidaadvogados\/wp-json\/wp\/v2\/posts\/5600"}],"collection":[{"href":"https:\/\/aprimora.site\/carvalhoalmeidaadvogados\/wp-json\/wp\/v2\/posts"}],"about":[{"href":"https:\/\/aprimora.site\/carvalhoalmeidaadvogados\/wp-json\/wp\/v2\/types\/post"}],"replies":[{"embeddable":true,"href":"https:\/\/aprimora.site\/carvalhoalmeidaadvogados\/wp-json\/wp\/v2\/comments?post=5600"}],"version-history":[{"count":0,"href":"https:\/\/aprimora.site\/carvalhoalmeidaadvogados\/wp-json\/wp\/v2\/posts\/5600\/revisions"}],"wp:attachment":[{"href":"https:\/\/aprimora.site\/carvalhoalmeidaadvogados\/wp-json\/wp\/v2\/media?parent=5600"}],"wp:term":[{"taxonomy":"category","embeddable":true,"href":"https:\/\/aprimora.site\/carvalhoalmeidaadvogados\/wp-json\/wp\/v2\/categories?post=5600"},{"taxonomy":"post_tag","embeddable":true,"href":"https:\/\/aprimora.site\/carvalhoalmeidaadvogados\/wp-json\/wp\/v2\/tags?post=5600"}],"curies":[{"name":"wp","href":"https:\/\/api.w.org\/{rel}","templated":true}]}}