{"id":5563,"date":"2024-01-09T18:59:24","date_gmt":"2024-01-09T21:59:24","guid":{"rendered":"https:\/\/aprimora.site\/carvalhoalmeidaadvogados\/2024\/01\/09\/direito-administrativo-comparado-e-forcacao-de-barra\/"},"modified":"2024-01-09T18:59:24","modified_gmt":"2024-01-09T21:59:24","slug":"direito-administrativo-comparado-e-forcacao-de-barra","status":"publish","type":"post","link":"https:\/\/aprimora.site\/carvalhoalmeidaadvogados\/2024\/01\/09\/direito-administrativo-comparado-e-forcacao-de-barra\/","title":{"rendered":"Direito Administrativo comparado e for\u00e7a\u00e7\u00e3o de barra"},"content":{"rendered":"<p><span><span><span>Para que estudar Direito Comparado? Talvez para desmistificar \u201cfalsas necessidades\u201d judiciais ou legislativas. Se muitos pa\u00edses permitem o aborto, talvez n\u00e3o haja nada de constitucionalmente necess\u00e1rio em sua proibi\u00e7\u00e3o. Outros acreditam que ele permitiria identificar princ\u00edpios transcendentes ou melhorar a jurisprud\u00eancia<a class=\"sdfootnoteanc\" href=\"https:\/\/www.jota.info\/#sdfootnote1sym\">[1]<\/a>.<\/span><\/span><\/span><\/p>\n<p><span><span><span> Mas h\u00e1 tamb\u00e9m cr\u00edticas. G<\/span><\/span><\/span>\u00fc<span><span><span>nter Frankenberg sugere que a disciplina assume ares etnoc\u00eantricos ao buscar um \u201cracional universal\u201d<a class=\"sdfootnoteanc\" href=\"https:\/\/www.jota.info\/#sdfootnote2sym\">[2]<\/a>. H\u00e1 dificuldade t\u00e9cnica: a interpreta\u00e7\u00e3o da lei \u00e9 sempre a interpreta\u00e7\u00e3o do texto, e, tamb\u00e9m, de sua circunst\u00e2ncia. Importamos o instituto, mas n\u00e3o seu contexto s\u00f3cio-pol\u00edtico.<\/span><\/span><\/span><\/p>\n<p><span><span><span> No Brasil, amamos \u2013 irrefletidamente \u2013 o Direito Comparado. Claro que a maioria do que fazemos n\u00e3o \u00e9 Direito Comparado. Drummond falava de poemas \u201cem estado de dicion\u00e1rio\u201d \u2013 importamos decis\u00f5es e categorias \u201cem estado de enciclop\u00e9dia\u201d. \u00c0s vezes, no entanto, a importa\u00e7\u00e3o \u00e9 consequente. Ainda assim, h\u00e1 problemas, derivados de certo fasc\u00ednio pelo que \u00e9 estrangeiro.<\/span><\/span><\/span><\/p>\n<p><span><span><span>Veja-se a ideia de Estado Administrativo.<\/span><\/span><\/span><\/p>\n<p><span><span><span>Ora: o conceito n\u00e3o faz muito sentido para n\u00f3s. O Estado brasileiro, por raz\u00f5es hist\u00f3ricas, <\/span><\/span><\/span><span><span><span>\u00e9<\/span><\/span><\/span><span><span><span> o Estado Administrativo. No m\u00ednimo, o Direito Administrativo <\/span><\/span><\/span><span><span><span>funda <\/span><\/span><\/span><span><span><span>o estado brasileiro (\u00e9, por exemplo, o que faz o Visconde do Uruguai no <\/span><\/span><\/span><span><span><span>Ensaio sobre o Direito Administrativo<\/span><\/span><\/span><span><span><span>). Sem falar em nossas constitui\u00e7\u00f5es, cada vez mais repletas de refer\u00eancias ao Direito Administrativo e \u00e0 organiza\u00e7\u00e3o burocr\u00e1tica. O debate americano parte de outra realidade hist\u00f3rica e est\u00e1 preocupado com quest\u00f5es que n\u00e3o nos interessam tanto. Pa\u00edses que possuem <\/span><\/span><\/span><span><span><span>Droit Administratif <\/span><\/span><\/span><span><span><span>n\u00e3o precisam verdadeiramente de <\/span><\/span><\/span><span><span><span>Administrative State<\/span><\/span><\/span><span><span><span>. O professor americano Philip Hamburguer publicou, em 2015, um livro chamado <\/span><\/span><\/span><span><span><span>Is Administrative Law Unlawful<\/span><\/span><\/span><span><span><span>? Se a pergunta pode soar como uma boa saca\u00e7\u00e3o para um americano, um brasileiro l\u00ea o t\u00edtulo e rola os olhos. O debate n\u00e3o possui a mesma resson\u00e2ncia.<\/span><\/span><\/span><\/p>\n<p><span><span><span>Outra importa\u00e7\u00e3o que \u00e9 apenas \u201cOK\u201d \u00e9 a decis\u00e3o da<a href=\"https:\/\/www.jota.info\/tudo-sobre\/suprema-corte-dos-eua\"> Suprema Corte dos EUA<\/a> no caso <\/span><\/span><\/span><span><span><span>Chevron<\/span><\/span><\/span><span><span><span> (1984). Ela consiste num julgamento em duas etapas: saber se a lei tratou do assunto de modo espec\u00edfico, e, caso a resposta seja negativa, se a decis\u00e3o da ag\u00eancia \u00e9 razo\u00e1vel. Se voc\u00ea tirar os paet\u00eas, Chevron \u00e9, no fundo, um suco ralo. \u00c9 \u00fatil possuir crit\u00e9rio para o controle judicial dos atos administrativos, mas <\/span><\/span><\/span><span><span><span>Chevron <\/span><\/span><\/span><span><span><span>chove no molhado.<\/span><\/span><\/span><\/p>\n<p><span><span><span>Enfim: mesmo o Direito Comparado que n\u00e3o \u00e9 s\u00f3 erudi\u00e7\u00e3o de almanaque precisa ser bem pensado para fazer sentido. Entre a xenofobia e a adula\u00e7\u00e3o intelectual, precisamos de importa\u00e7\u00e3o cr\u00edtica. Diria Lu\u00eds Roberto Barroso: n\u00e3o precisamos viver a vida dos outros. Presidentes do Supremo costumam ter raz\u00e3o em manifesta\u00e7\u00f5es p\u00fablicas de advogados, mas a frase \u00e9 boa mesmo.<\/span><\/span><\/span><\/p>\n<p class=\"jota-article__reference\"><a class=\"sdfootnotesym\" href=\"https:\/\/www.jota.info\/#sdfootnote1anc\">[1]<\/a> <span><span>KOMMERS, Donald P. The Value of Comparative Constitutional Law, 9 K. Marshall J. of Practice and Procedure 685 (1976).<\/span><\/span><\/p>\n<div>\n<p class=\"sdfootnote jota-article__reference\"><a class=\"sdfootnotesym\" href=\"https:\/\/www.jota.info\/#sdfootnote2anc\">[2]<\/a> <span><span>FRANKENBERG, Gunter. Critical Comparisons: Re-thinking Comparative Law, 26 Harvard International Law Journal, 411 (1985).<\/span><\/span><\/p>\n<\/div>","protected":false},"excerpt":{"rendered":"<p>Para que estudar Direito Comparado? Talvez para desmistificar \u201cfalsas necessidades\u201d judiciais ou legislativas. Se muitos pa\u00edses permitem o aborto, talvez n\u00e3o haja nada de constitucionalmente necess\u00e1rio em sua proibi\u00e7\u00e3o. Outros acreditam que ele permitiria identificar princ\u00edpios transcendentes ou melhorar a jurisprud\u00eancia[1]. Mas h\u00e1 tamb\u00e9m cr\u00edticas. G\u00fcnter Frankenberg sugere que a disciplina assume ares etnoc\u00eantricos ao [&hellip;]<\/p>\n","protected":false},"author":0,"featured_media":0,"comment_status":"open","ping_status":"open","sticky":false,"template":"","format":"standard","meta":[],"categories":[1],"tags":[],"_links":{"self":[{"href":"https:\/\/aprimora.site\/carvalhoalmeidaadvogados\/wp-json\/wp\/v2\/posts\/5563"}],"collection":[{"href":"https:\/\/aprimora.site\/carvalhoalmeidaadvogados\/wp-json\/wp\/v2\/posts"}],"about":[{"href":"https:\/\/aprimora.site\/carvalhoalmeidaadvogados\/wp-json\/wp\/v2\/types\/post"}],"replies":[{"embeddable":true,"href":"https:\/\/aprimora.site\/carvalhoalmeidaadvogados\/wp-json\/wp\/v2\/comments?post=5563"}],"version-history":[{"count":0,"href":"https:\/\/aprimora.site\/carvalhoalmeidaadvogados\/wp-json\/wp\/v2\/posts\/5563\/revisions"}],"wp:attachment":[{"href":"https:\/\/aprimora.site\/carvalhoalmeidaadvogados\/wp-json\/wp\/v2\/media?parent=5563"}],"wp:term":[{"taxonomy":"category","embeddable":true,"href":"https:\/\/aprimora.site\/carvalhoalmeidaadvogados\/wp-json\/wp\/v2\/categories?post=5563"},{"taxonomy":"post_tag","embeddable":true,"href":"https:\/\/aprimora.site\/carvalhoalmeidaadvogados\/wp-json\/wp\/v2\/tags?post=5563"}],"curies":[{"name":"wp","href":"https:\/\/api.w.org\/{rel}","templated":true}]}}