{"id":5551,"date":"2024-01-09T18:59:23","date_gmt":"2024-01-09T21:59:23","guid":{"rendered":"https:\/\/aprimora.site\/carvalhoalmeidaadvogados\/2024\/01\/09\/o-que-ja-se-sabe-sobre-o-concurso-nacional-unificado\/"},"modified":"2024-01-09T18:59:23","modified_gmt":"2024-01-09T21:59:23","slug":"o-que-ja-se-sabe-sobre-o-concurso-nacional-unificado","status":"publish","type":"post","link":"https:\/\/aprimora.site\/carvalhoalmeidaadvogados\/2024\/01\/09\/o-que-ja-se-sabe-sobre-o-concurso-nacional-unificado\/","title":{"rendered":"O que j\u00e1 se sabe sobre o Concurso Nacional Unificado?"},"content":{"rendered":"<p>O Minist\u00e9rio da Gest\u00e3o e da Inova\u00e7\u00e3o (MGI) divulgar\u00e1 nesta quarta-feira (10\/1) os oito editais do primeiro <a href=\"https:\/\/www.jota.info\/opiniao-e-analise\/colunas\/funcao-publica\/concurso-nacional-unificado-modernizacao-do-acesso-as-carreiras-publicas-federais-18122023\">Concurso Nacional Unificado<\/a> (CNU). A prova objetiva (geral) e a prova espec\u00edfica para cada bloco tem\u00e1tico, com perguntas objetivas e dissertativas, est\u00e3o previstas para serem realizadas no dia 5 de maio e <a href=\"https:\/\/www.jota.info\/carreira\/veja-as-cidades-onde-serao-aplicadas-as-provas-do-concurso-publico-nacional-01122023\">ser\u00e3o aplicadas em 220 cidades<\/a>, simultaneamente. As inscri\u00e7\u00f5es come\u00e7am no dia 19 de janeiro e seguem at\u00e9 9 de fevereiro. O certame permitir\u00e1 o ingresso de <a href=\"https:\/\/www.jota.info\/carreira\/fundacao-cesgranrio-sera-responsavel-pela-prova-do-concurso-publico-unificado-24112023\">6.640 novos servidores<\/a> em 21 \u00f3rg\u00e3os da Administra\u00e7\u00e3o Federal.<\/p>\n<p>Os detalhes sobre os editais ser\u00e3o divulgados em entrevista coletiva da ministra Esther Dweck, na quarta-feira, \u00e0s 14h30, em Bras\u00edlia. Representantes da Cesgranrio, empresa escolhida para realizar o concurso, tamb\u00e9m participar\u00e3o. Na ocasi\u00e3o, o MGI deve explicar a divis\u00e3o por blocos tem\u00e1ticos, o conte\u00fado das provas, os crit\u00e9rios de classifica\u00e7\u00e3o e desclassifica\u00e7\u00e3o, a validade do certame e a composi\u00e7\u00e3o das notas finais.<\/p>\n<h3><a href=\"https:\/\/conteudo.jota.info\/marketing-lp-newsletter-por-dentro-da-maquina\">Assine a newsletter focada no servi\u00e7o p\u00fablico Por Dentro da M\u00e1quina. Clique aqui para se inscrever gratuitamente e receber as pr\u00f3ximas edi\u00e7\u00f5es<\/a><\/h3>\n<p>\u201cQueremos democratizar o acesso a essas vagas. Muitas pessoas sequer conseguiam prestar concursos porque precisavam se deslocar para outros estados, o que muitas vezes \u00e9 muito dispendioso. \u00c9 um feito in\u00e9dito que exige uma prepara\u00e7\u00e3o in\u00e9dita tamb\u00e9m\u201d, afirmou Regina Camargos, secret\u00e1ria-adjunta de Gest\u00e3o de Pessoas do Minist\u00e9rio da Gest\u00e3o.<\/p>\n<p>Al\u00e9m da realiza\u00e7\u00e3o de provas em diferentes cidades, o concurso nacional unificado deve incorporar importantes mudan\u00e7as em todas as fases do processo de recrutamento, o que levou o governo a montar uma for\u00e7a-tarefa para acompanhar os <a href=\"https:\/\/www.jota.info\/executivo\/concurso-unificado-governo-tera-novo-decreto-e-forca-tarefa-contra-judicializacao-05122023\">riscos associados \u00e0 judicializa\u00e7\u00e3o<\/a>, como o <span class=\"jota\">JOTA<\/span> revelou em dezembro. Na lista de novidades, os candidatos dever\u00e3o optar por um dos blocos tem\u00e1ticos e indicar cargo ou carreira por ordem de prefer\u00eancia na \u00e1rea de atua\u00e7\u00e3o escolhida.<\/p>\n<p>As \u00e1reas de atua\u00e7\u00e3o s\u00e3o administra\u00e7\u00e3o e finan\u00e7as; setores econ\u00f4micos, infraestrutura e regula\u00e7\u00e3o; agricultura, meio ambiente e desenvolvimento agr\u00e1rio; educa\u00e7\u00e3o, ci\u00eancia, tecnologia e inova\u00e7\u00e3o; pol\u00edticas sociais, justi\u00e7a e sa\u00fade; trabalho e previd\u00eancia; dados, tecnologia e informa\u00e7\u00e3o p\u00fablica, al\u00e9m do n\u00edvel intermedi\u00e1rio.<\/p>\n<p>Esse formato de concurso \u00e9 inspirado no Enem, que j\u00e1 foi aplicado em 1.727 munic\u00edpios com aproximadamente 5,1 milh\u00f5es de inscritos, de acordo com o Minist\u00e9rio da Gest\u00e3o.<\/p>\n<h3>Cotas e conte\u00fado sobre democracia<\/h3>\n<p>Embora o concurso nacional unificado agregue in\u00fameras novidades, ele ser\u00e1 realizado de acordo com a legisla\u00e7\u00e3o vigente, o que impacta o esfor\u00e7o para ampliar a oferta de vagas por meio de cotas e mudan\u00e7as no conte\u00fado das provas. Ainda assim, os editais devem trazer importantes inova\u00e7\u00f5es sobre esses dois pontos.<\/p>\n<p>Em rela\u00e7\u00e3o \u00e0s cotas, o governo manter\u00e1 o percentual de 20% das vagas para pessoas negras, uma vez que o projeto de lei que amplia a reserva para 30% ainda tramita no Congresso Nacional. No entanto, ser\u00e3o incorporadas adapta\u00e7\u00f5es introduzidas por meio da Instru\u00e7\u00e3o Normativa 23, editada em julho de 2023. Essa norma prev\u00ea que, no momento da inscri\u00e7\u00e3o, o candidato dever\u00e1 indicar, em campo espec\u00edfico, se pretende concorrer pelo sistema de reserva de vagas. Caso a pessoa opte por desistir de concorrer pelo sistema de reserva de vagas, poder\u00e1 faz\u00ea-lo at\u00e9 o final do per\u00edodo de inscri\u00e7\u00f5es da sele\u00e7\u00e3o.<\/p>\n<p>O edital dever\u00e1 garantir a participa\u00e7\u00e3o de pessoas negras optantes pela reserva de vagas em todas as etapas do certame, sempre que atingida a nota m\u00ednima exigida em cada fase. Os aprovados dentro do n\u00famero de vagas oferecido para ampla concorr\u00eancia n\u00e3o ser\u00e3o computados para efeito do preenchimento das vagas na a\u00e7\u00e3o afirmativa.<\/p>\n<p>Ainda segundo a instru\u00e7\u00e3o normativa editada em julho do ano passado, as pessoas negras que atenderem tamb\u00e9m \u00e0 condi\u00e7\u00e3o de pessoas com defici\u00eancia, concorrer\u00e3o concomitantemente \u00e0s vagas destinadas \u00e0 ampla concorr\u00eancia, segundo sua classifica\u00e7\u00e3o, e \u00e0s vagas reservadas a pessoas com defici\u00eancia. A autodeclara\u00e7\u00e3o ser\u00e1 confirmada por uma comiss\u00e3o de heteroidentifica\u00e7\u00e3o.<\/p>\n<p>No que diz respeito ao conte\u00fado, \u00e9 esperada a incorpora\u00e7\u00e3o de avalia\u00e7\u00f5es descritas no \u201cGuia Referencial para Concursos P\u00fablicos: promo\u00e7\u00e3o do ethos p\u00fablico, realidade brasileira, inclus\u00e3o, diversidade e direitos humanos\u201d, produzido em agosto pela Escola Nacional de Administra\u00e7\u00e3o P\u00fablica (Enap), com a colabora\u00e7\u00e3o de servidores do Minist\u00e9rio da Gest\u00e3o. Tr\u00eas grandes temas podem aparecer nas provas do Concurso Unificado: \u201cethos p\u00fablico\u201d, democracia e Rep\u00fablica e conhecimento sobre o desenvolvimento do pa\u00eds.<\/p>\n<p>A incorpora\u00e7\u00e3o de questionamentos que auxiliem a selecionar um perfil de candidato vocacionado ao funcionalismo, com o chamado ethos p\u00fablico, por\u00e9m, est\u00e1 limitada pela aus\u00eancia de uma legisla\u00e7\u00e3o que permita ampliar os mecanismos de sele\u00e7\u00e3o, inclusive com a realiza\u00e7\u00e3o de entrevistas, pr\u00e1tica comum em outros pa\u00edses.<\/p>\n<p>\u201cEu espero que esses temas estejam presentes. Eles s\u00e3o muito importantes para n\u00f3s. Mas eu n\u00e3o participo desse processo do edital e vou ficar sabendo sobre o conte\u00fado junto com todo mundo, no dia 10\u201d, afirmou, ao <span class=\"jota\">JOTA<\/span>, o secret\u00e1rio de Gest\u00e3o de Pessoas do Minist\u00e9rio da Gest\u00e3o, Jos\u00e9 Celso Cardozo Junior.<\/p>\n<p>Quando o prazo j\u00e1 estiver aberto, o candidato dever\u00e1 acessar sua conta no aplicativo Gov.br para fazer a inscri\u00e7\u00e3o.<\/p>","protected":false},"excerpt":{"rendered":"<p>O Minist\u00e9rio da Gest\u00e3o e da Inova\u00e7\u00e3o (MGI) divulgar\u00e1 nesta quarta-feira (10\/1) os oito editais do primeiro Concurso Nacional Unificado (CNU). A prova objetiva (geral) e a prova espec\u00edfica para cada bloco tem\u00e1tico, com perguntas objetivas e dissertativas, est\u00e3o previstas para serem realizadas no dia 5 de maio e ser\u00e3o aplicadas em 220 cidades, simultaneamente. [&hellip;]<\/p>\n","protected":false},"author":0,"featured_media":0,"comment_status":"open","ping_status":"open","sticky":false,"template":"","format":"standard","meta":[],"categories":[1],"tags":[],"_links":{"self":[{"href":"https:\/\/aprimora.site\/carvalhoalmeidaadvogados\/wp-json\/wp\/v2\/posts\/5551"}],"collection":[{"href":"https:\/\/aprimora.site\/carvalhoalmeidaadvogados\/wp-json\/wp\/v2\/posts"}],"about":[{"href":"https:\/\/aprimora.site\/carvalhoalmeidaadvogados\/wp-json\/wp\/v2\/types\/post"}],"replies":[{"embeddable":true,"href":"https:\/\/aprimora.site\/carvalhoalmeidaadvogados\/wp-json\/wp\/v2\/comments?post=5551"}],"version-history":[{"count":0,"href":"https:\/\/aprimora.site\/carvalhoalmeidaadvogados\/wp-json\/wp\/v2\/posts\/5551\/revisions"}],"wp:attachment":[{"href":"https:\/\/aprimora.site\/carvalhoalmeidaadvogados\/wp-json\/wp\/v2\/media?parent=5551"}],"wp:term":[{"taxonomy":"category","embeddable":true,"href":"https:\/\/aprimora.site\/carvalhoalmeidaadvogados\/wp-json\/wp\/v2\/categories?post=5551"},{"taxonomy":"post_tag","embeddable":true,"href":"https:\/\/aprimora.site\/carvalhoalmeidaadvogados\/wp-json\/wp\/v2\/tags?post=5551"}],"curies":[{"name":"wp","href":"https:\/\/api.w.org\/{rel}","templated":true}]}}